{"id":266,"date":"2022-03-23T06:00:53","date_gmt":"2022-03-23T05:00:53","guid":{"rendered":"http:\/\/journalmedizin.de\/ernaehrung\/?p=266"},"modified":"2022-03-21T19:54:20","modified_gmt":"2022-03-21T18:54:20","slug":"esst-mehr-vollkorn-das-bringts-voll","status":"publish","type":"post","link":"https:\/\/journalmedizin.de\/ernaehrung\/esst-mehr-vollkorn-das-bringts-voll\/","title":{"rendered":"Esst mehr Vollkorn: das bringt\u00b4s voll"},"content":{"rendered":"<p><strong>Produkte aus Vollkorn sollten wir uns jeden Tag servieren. Laut Ern\u00e4hrungsexperten zum wirksamen Gesundheitsschutz \u2013 etwa vor Darmkrebs und Herzerkrankungen.<\/strong><\/p>\n<p><img decoding=\"async\" loading=\"lazy\" class=\"wp-image-268 size-medium alignleft\" src=\"https:\/\/journalmedizin.de\/ernaehrung\/wp-content\/uploads\/sites\/5\/2018\/02\/Fotolia_125827155_XS.jpg\" alt=\"Produkte aus Vollkorn sollten t\u00e4glich gegessen werden. \" width=\"424\" height=\"283\" srcset=\"https:\/\/journalmedizin.de\/ernaehrung\/wp-content\/uploads\/sites\/5\/2018\/02\/Fotolia_125827155_XS.jpg 424w, https:\/\/journalmedizin.de\/ernaehrung\/wp-content\/uploads\/sites\/5\/2018\/02\/Fotolia_125827155_XS-300x200.jpg 300w, https:\/\/journalmedizin.de\/ernaehrung\/wp-content\/uploads\/sites\/5\/2018\/02\/Fotolia_125827155_XS-150x100.jpg 150w\" sizes=\"(max-width: 424px) 100vw, 424px\" \/><\/p>\n<p>Keine Frage: Vollkorn ist ein Muss, wenn wir uns gesund ern\u00e4hren m\u00f6chten. Wie wertvoll es f\u00fcr die Erhaltung unserer Gesundheit ist, haben internationale Ern\u00e4hrungswissenschaftler nun erneut best\u00e4tigt.<\/p>\n<h2>Bestnoten f\u00fcr Vollkorn<\/h2>\n<p>Das \u201eWhole Grain Summit\u201c ist die gr\u00f6\u00dfte internationale Konferenz, die sich auf wissenschaftlicher Ebene mit dem Thema <a href=\"https:\/\/journalmedizin.de\/ernaehrung\/etikettenschwindel-bei-vollkornbrot\/\" target=\"_blank\" rel=\"noopener\">Vollkorn<\/a> besch\u00e4ftigt. Ihre Teilnehmer verteilten einhellig die besten Noten f\u00fcr Produkte aus dem vollem Korn von <a href=\"https:\/\/journalmedizin.de\/ernaehrung\/ikea-diaet-ist-gut-fuer-die-schlanke-linie\/\" target=\"_blank\" rel=\"noopener\">Getreide<\/a>. Zum gleichen Urteil kommt das \u201eInternational Carbohydrate Quality Consortium\u201c \u2013 ein Zusammenschluss von international auf dem Gebiet der <a href=\"https:\/\/journalmedizin.de\/ernaehrung\/was-torte-und-chips-unwiderstehlich-macht\/\" target=\"_blank\" rel=\"noopener\">Kohlenhydrate<\/a> t\u00e4tigen Expertinnen und Experten. Sie empfehlen, dass <a href=\"https:\/\/journalmedizin.de\/ernaehrung\/unsere-ernaehrung-beeinflusst-das-diabetes-risiko\/\" target=\"_blank\" rel=\"noopener\">Vollkornprodukte<\/a> fester Bestandteil der t\u00e4glichen Ern\u00e4hrung sein sollten. Bereits zwei Portionen pro Tag reichen aus, um positive Auswirkungen auf die Gesundheit zu erzielen.<\/p>\n<h2>Wirksamer Gesundheitsschutz<\/h2>\n<p>Der regelm\u00e4\u00dfige Verzehr von Vollkornprodukten kann einer ganzen Reihe von Erkrankungen wirksam vorbeugen. Zu ihnen geh\u00f6ren unter anderem Diabetes und Herz-Kreislauf-Krankheiten, <a href=\"https:\/\/journalmedizin.de\/magen-darm\/chronisch-entzuendliche-darmerkrankungen-herausforderung\/\" target=\"_blank\" rel=\"noopener\">chronisch-entz\u00fcndliche Darmerkrankungen<\/a> und sogar <a href=\"https:\/\/journalmedizin.de\/magen-darm\/mit-naturmedizin-gegen-darmkrebs\/\" target=\"_blank\" rel=\"noopener\">Darmkrebs<\/a>. Einer der Gr\u00fcnde f\u00fcr den Schutzeffekt ist, dass volles Korn einen niedrigen glyk\u00e4mischen Index, kurz GI, hat. Der GI ist das Ma\u00df daf\u00fcr, wie schnell und stark ein Nahrungsmittel den <a href=\"https:\/\/journalmedizin.de\/ernaehrung\/essbare-medizin-bittergurke-gegen-diabetes\/\" target=\"_blank\" rel=\"noopener\">Blutzucker<\/a> ansteigen l\u00e4sst. Starke Anstiege des Blutzuckerspiegel bergen Risiken: sie k\u00f6nnen die Blutgef\u00e4\u00dfe sch\u00e4digen und bewirken die \u00fcberm\u00e4\u00dfige Aussch\u00fcttung von <a href=\"https:\/\/journalmedizin.de\/magen-darm\/insulin-durch-die-nase-daempft-hunger\/\" target=\"_blank\" rel=\"noopener\">Insulin<\/a>. Zu hohe Werte des Bauchspeicheldr\u00fcsenhormons f\u00f6rdern \u00dcbergewicht und <a href=\"https:\/\/journalmedizin.de\/ernaehrung\/diabetes-der-unterschaetzte-killer\/\" target=\"_blank\" rel=\"noopener\">Diabetes<\/a>. Nahrungsmittel mit einem hohen GI sollten also im Dienst der Gesundheit m\u00f6glichst selten auf dem Speiseplan stehen.<\/p>\n<p>Die Empfehlungen rufen letztendlich auch die Politik auf den Plan. Mahlzeiten in \u00f6ffentlichen Einrichtungen wie etwa Schulen und Kinderg\u00e4rten sollten sich daran orientieren und t\u00e4glich Vollkornprodukte beinhalten. So kann die gerade f\u00fcr Heranwachsende so wichtige ausgewogene Ern\u00e4hrung gef\u00f6rdert werden.<\/p>\n<h6 style=\"text-align: right;\">Foto: \u00a9 Arkadiusz Fajer \/<a href=\"http:\/\/www.fotolia.de\"> fotolia<\/a><\/h6>\n","protected":false},"excerpt":{"rendered":"<p>Produkte aus Vollkorn sollten wir uns jeden Tag servieren. Laut Ern\u00e4hrungsexperten zum wirksamen Gesundheitsschutz \u2013 etwa vor Darmkrebs und Herzerkrankungen. \u2026 <a class=\"continue-reading-link\" href=\"https:\/\/journalmedizin.de\/ernaehrung\/esst-mehr-vollkorn-das-bringts-voll\/\">Weiterlesen <span class=\"meta-nav\">&rarr; <\/span><\/a><\/p>\n","protected":false},"author":4,"featured_media":268,"comment_status":"closed","ping_status":"open","sticky":false,"template":"","format":"standard","meta":[],"categories":[1],"tags":[335,622,83,364,284,361,357,91,51,358,1019,360,363,362,307,155,365,413,580,107,16,849,185,356,359],"yoast_head":"<!-- This site is optimized with the Yoast SEO plugin v19.14 - https:\/\/yoast.com\/wordpress\/plugins\/seo\/ -->\n<title>Esst mehr Vollkorn: das bringt\u00b4s voll - Journal Ern\u00e4hrung<\/title>\n<meta name=\"description\" content=\"Produkte aus Vollkorn sollten wir uns jeden Tag servieren. Laut Ern\u00e4hrungsexperten zum wirksamen Gesundheitsschutz \u2013 etwa vor Darmkrebs und Herzerkrankungen.\" \/>\n<meta name=\"robots\" content=\"index, follow, max-snippet:-1, max-image-preview:large, max-video-preview:-1\" \/>\n<link rel=\"canonical\" href=\"http:\/\/journalmedizin.de\/ernaehrung\/esst-mehr-vollkorn-das-bringts-voll\/\" \/>\n<meta property=\"og:locale\" content=\"de_DE\" \/>\n<meta property=\"og:type\" content=\"article\" \/>\n<meta property=\"og:title\" content=\"Esst mehr Vollkorn: das bringt\u00b4s voll - Journal Ern\u00e4hrung\" \/>\n<meta property=\"og:description\" content=\"Produkte aus Vollkorn sollten wir uns jeden Tag servieren. Laut Ern\u00e4hrungsexperten zum wirksamen Gesundheitsschutz \u2013 etwa vor Darmkrebs und Herzerkrankungen.\" \/>\n<meta property=\"og:url\" content=\"http:\/\/journalmedizin.de\/ernaehrung\/esst-mehr-vollkorn-das-bringts-voll\/\" \/>\n<meta property=\"og:site_name\" content=\"Journal Ern\u00e4hrung\" \/>\n<meta property=\"article:publisher\" content=\"https:\/\/www.facebook.com\/JournalMedizin\/\" \/>\n<meta property=\"article:published_time\" content=\"2022-03-23T05:00:53+00:00\" \/>\n<meta property=\"article:modified_time\" content=\"2022-03-21T18:54:20+00:00\" \/>\n<meta property=\"og:image\" content=\"http:\/\/journalmedizin.de\/ernaehrung\/wp-content\/uploads\/sites\/5\/2018\/02\/Fotolia_125827155_XS.jpg\" \/>\n\t<meta property=\"og:image:width\" content=\"424\" \/>\n\t<meta property=\"og:image:height\" content=\"283\" \/>\n\t<meta property=\"og:image:type\" content=\"image\/jpeg\" \/>\n<meta name=\"author\" content=\"Birgit Frohn\" \/>\n<meta name=\"twitter:card\" content=\"summary_large_image\" \/>\n<meta name=\"twitter:label1\" content=\"Verfasst von\" \/>\n\t<meta name=\"twitter:data1\" content=\"Birgit Frohn\" \/>\n\t<meta name=\"twitter:label2\" content=\"Gesch\u00e4tzte Lesezeit\" \/>\n\t<meta name=\"twitter:data2\" content=\"2\u00a0Minuten\" \/>\n<script type=\"application\/ld+json\" class=\"yoast-schema-graph\">{\"@context\":\"https:\/\/schema.org\",\"@graph\":[{\"@type\":\"WebPage\",\"@id\":\"http:\/\/journalmedizin.de\/ernaehrung\/esst-mehr-vollkorn-das-bringts-voll\/\",\"url\":\"http:\/\/journalmedizin.de\/ernaehrung\/esst-mehr-vollkorn-das-bringts-voll\/\",\"name\":\"Esst mehr Vollkorn: das bringt\u00b4s voll - Journal Ern\u00e4hrung\",\"isPartOf\":{\"@id\":\"http:\/\/journalmedizin.de\/ernaehrung\/#website\"},\"datePublished\":\"2022-03-23T05:00:53+00:00\",\"dateModified\":\"2022-03-21T18:54:20+00:00\",\"author\":{\"@id\":\"http:\/\/journalmedizin.de\/ernaehrung\/#\/schema\/person\/75e6c9710d5ae5e48c6561af96f03df2\"},\"description\":\"Produkte aus Vollkorn sollten wir uns jeden Tag servieren. Laut Ern\u00e4hrungsexperten zum wirksamen Gesundheitsschutz \u2013 etwa vor Darmkrebs und Herzerkrankungen.\",\"breadcrumb\":{\"@id\":\"http:\/\/journalmedizin.de\/ernaehrung\/esst-mehr-vollkorn-das-bringts-voll\/#breadcrumb\"},\"inLanguage\":\"de\",\"potentialAction\":[{\"@type\":\"ReadAction\",\"target\":[\"http:\/\/journalmedizin.de\/ernaehrung\/esst-mehr-vollkorn-das-bringts-voll\/\"]}]},{\"@type\":\"BreadcrumbList\",\"@id\":\"http:\/\/journalmedizin.de\/ernaehrung\/esst-mehr-vollkorn-das-bringts-voll\/#breadcrumb\",\"itemListElement\":[{\"@type\":\"ListItem\",\"position\":1,\"name\":\"Startseite\",\"item\":\"http:\/\/journalmedizin.de\/ernaehrung\/\"},{\"@type\":\"ListItem\",\"position\":2,\"name\":\"Esst mehr Vollkorn: das bringt\u00b4s voll\"}]},{\"@type\":\"WebSite\",\"@id\":\"http:\/\/journalmedizin.de\/ernaehrung\/#website\",\"url\":\"http:\/\/journalmedizin.de\/ernaehrung\/\",\"name\":\"Journal Ern\u00e4hrung\",\"description\":\"Eine Themenseite von Journal Medizin\",\"potentialAction\":[{\"@type\":\"SearchAction\",\"target\":{\"@type\":\"EntryPoint\",\"urlTemplate\":\"http:\/\/journalmedizin.de\/ernaehrung\/?s={search_term_string}\"},\"query-input\":\"required name=search_term_string\"}],\"inLanguage\":\"de\"},{\"@type\":\"Person\",\"@id\":\"http:\/\/journalmedizin.de\/ernaehrung\/#\/schema\/person\/75e6c9710d5ae5e48c6561af96f03df2\",\"name\":\"Birgit Frohn\",\"image\":{\"@type\":\"ImageObject\",\"inLanguage\":\"de\",\"@id\":\"http:\/\/journalmedizin.de\/ernaehrung\/#\/schema\/person\/image\/\",\"url\":\"https:\/\/secure.gravatar.com\/avatar\/e2399d389fb9c69c0a6b850c3f34de5f?s=96&d=mm&r=g\",\"contentUrl\":\"https:\/\/secure.gravatar.com\/avatar\/e2399d389fb9c69c0a6b850c3f34de5f?s=96&d=mm&r=g\",\"caption\":\"Birgit Frohn\"},\"sameAs\":[\"http:\/\/JournalMedizin.de\"],\"url\":\"https:\/\/journalmedizin.de\/ernaehrung\/author\/frohn\/\"}]}<\/script>\n<!-- \/ Yoast SEO plugin. -->","yoast_head_json":{"title":"Esst mehr Vollkorn: das bringt\u00b4s voll - Journal Ern\u00e4hrung","description":"Produkte aus Vollkorn sollten wir uns jeden Tag servieren. Laut Ern\u00e4hrungsexperten zum wirksamen Gesundheitsschutz \u2013 etwa vor Darmkrebs und Herzerkrankungen.","robots":{"index":"index","follow":"follow","max-snippet":"max-snippet:-1","max-image-preview":"max-image-preview:large","max-video-preview":"max-video-preview:-1"},"canonical":"http:\/\/journalmedizin.de\/ernaehrung\/esst-mehr-vollkorn-das-bringts-voll\/","og_locale":"de_DE","og_type":"article","og_title":"Esst mehr Vollkorn: das bringt\u00b4s voll - Journal Ern\u00e4hrung","og_description":"Produkte aus Vollkorn sollten wir uns jeden Tag servieren. Laut Ern\u00e4hrungsexperten zum wirksamen Gesundheitsschutz \u2013 etwa vor Darmkrebs und Herzerkrankungen.","og_url":"http:\/\/journalmedizin.de\/ernaehrung\/esst-mehr-vollkorn-das-bringts-voll\/","og_site_name":"Journal Ern\u00e4hrung","article_publisher":"https:\/\/www.facebook.com\/JournalMedizin\/","article_published_time":"2022-03-23T05:00:53+00:00","article_modified_time":"2022-03-21T18:54:20+00:00","og_image":[{"width":424,"height":283,"url":"http:\/\/journalmedizin.de\/ernaehrung\/wp-content\/uploads\/sites\/5\/2018\/02\/Fotolia_125827155_XS.jpg","type":"image\/jpeg"}],"author":"Birgit Frohn","twitter_card":"summary_large_image","twitter_misc":{"Verfasst von":"Birgit Frohn","Gesch\u00e4tzte Lesezeit":"2\u00a0Minuten"},"schema":{"@context":"https:\/\/schema.org","@graph":[{"@type":"WebPage","@id":"http:\/\/journalmedizin.de\/ernaehrung\/esst-mehr-vollkorn-das-bringts-voll\/","url":"http:\/\/journalmedizin.de\/ernaehrung\/esst-mehr-vollkorn-das-bringts-voll\/","name":"Esst mehr Vollkorn: das bringt\u00b4s voll - Journal Ern\u00e4hrung","isPartOf":{"@id":"http:\/\/journalmedizin.de\/ernaehrung\/#website"},"datePublished":"2022-03-23T05:00:53+00:00","dateModified":"2022-03-21T18:54:20+00:00","author":{"@id":"http:\/\/journalmedizin.de\/ernaehrung\/#\/schema\/person\/75e6c9710d5ae5e48c6561af96f03df2"},"description":"Produkte aus Vollkorn sollten wir uns jeden Tag servieren. Laut Ern\u00e4hrungsexperten zum wirksamen Gesundheitsschutz \u2013 etwa vor Darmkrebs und Herzerkrankungen.","breadcrumb":{"@id":"http:\/\/journalmedizin.de\/ernaehrung\/esst-mehr-vollkorn-das-bringts-voll\/#breadcrumb"},"inLanguage":"de","potentialAction":[{"@type":"ReadAction","target":["http:\/\/journalmedizin.de\/ernaehrung\/esst-mehr-vollkorn-das-bringts-voll\/"]}]},{"@type":"BreadcrumbList","@id":"http:\/\/journalmedizin.de\/ernaehrung\/esst-mehr-vollkorn-das-bringts-voll\/#breadcrumb","itemListElement":[{"@type":"ListItem","position":1,"name":"Startseite","item":"http:\/\/journalmedizin.de\/ernaehrung\/"},{"@type":"ListItem","position":2,"name":"Esst mehr Vollkorn: das bringt\u00b4s voll"}]},{"@type":"WebSite","@id":"http:\/\/journalmedizin.de\/ernaehrung\/#website","url":"http:\/\/journalmedizin.de\/ernaehrung\/","name":"Journal Ern\u00e4hrung","description":"Eine Themenseite von Journal Medizin","potentialAction":[{"@type":"SearchAction","target":{"@type":"EntryPoint","urlTemplate":"http:\/\/journalmedizin.de\/ernaehrung\/?s={search_term_string}"},"query-input":"required name=search_term_string"}],"inLanguage":"de"},{"@type":"Person","@id":"http:\/\/journalmedizin.de\/ernaehrung\/#\/schema\/person\/75e6c9710d5ae5e48c6561af96f03df2","name":"Birgit Frohn","image":{"@type":"ImageObject","inLanguage":"de","@id":"http:\/\/journalmedizin.de\/ernaehrung\/#\/schema\/person\/image\/","url":"https:\/\/secure.gravatar.com\/avatar\/e2399d389fb9c69c0a6b850c3f34de5f?s=96&d=mm&r=g","contentUrl":"https:\/\/secure.gravatar.com\/avatar\/e2399d389fb9c69c0a6b850c3f34de5f?s=96&d=mm&r=g","caption":"Birgit Frohn"},"sameAs":["http:\/\/JournalMedizin.de"],"url":"https:\/\/journalmedizin.de\/ernaehrung\/author\/frohn\/"}]}},"_links":{"self":[{"href":"https:\/\/journalmedizin.de\/ernaehrung\/wp-json\/wp\/v2\/posts\/266"}],"collection":[{"href":"https:\/\/journalmedizin.de\/ernaehrung\/wp-json\/wp\/v2\/posts"}],"about":[{"href":"https:\/\/journalmedizin.de\/ernaehrung\/wp-json\/wp\/v2\/types\/post"}],"author":[{"embeddable":true,"href":"https:\/\/journalmedizin.de\/ernaehrung\/wp-json\/wp\/v2\/users\/4"}],"replies":[{"embeddable":true,"href":"https:\/\/journalmedizin.de\/ernaehrung\/wp-json\/wp\/v2\/comments?post=266"}],"version-history":[{"count":21,"href":"https:\/\/journalmedizin.de\/ernaehrung\/wp-json\/wp\/v2\/posts\/266\/revisions"}],"predecessor-version":[{"id":3346,"href":"https:\/\/journalmedizin.de\/ernaehrung\/wp-json\/wp\/v2\/posts\/266\/revisions\/3346"}],"wp:featuredmedia":[{"embeddable":true,"href":"https:\/\/journalmedizin.de\/ernaehrung\/wp-json\/wp\/v2\/media\/268"}],"wp:attachment":[{"href":"https:\/\/journalmedizin.de\/ernaehrung\/wp-json\/wp\/v2\/media?parent=266"}],"wp:term":[{"taxonomy":"category","embeddable":true,"href":"https:\/\/journalmedizin.de\/ernaehrung\/wp-json\/wp\/v2\/categories?post=266"},{"taxonomy":"post_tag","embeddable":true,"href":"https:\/\/journalmedizin.de\/ernaehrung\/wp-json\/wp\/v2\/tags?post=266"}],"curies":[{"name":"wp","href":"https:\/\/api.w.org\/{rel}","templated":true}]}}