{"id":2749,"date":"2020-07-01T06:00:01","date_gmt":"2020-07-01T04:00:01","guid":{"rendered":"http:\/\/journalmedizin.de\/ernaehrung\/?p=2749"},"modified":"2020-06-30T14:21:42","modified_gmt":"2020-06-30T12:21:42","slug":"so-setzen-sie-gewuerze-und-kraeuter-richtig-ein","status":"publish","type":"post","link":"https:\/\/journalmedizin.de\/ernaehrung\/so-setzen-sie-gewuerze-und-kraeuter-richtig-ein\/","title":{"rendered":"So setzen Sie Gew\u00fcrze und Kr\u00e4uter richtig ein"},"content":{"rendered":"<p><strong>Kr\u00e4uter und Gew\u00fcrze sind top zum Kochen. Doch damit sich ihr Aroma optimal entfaltet, m\u00fcssen sie zum richtigen Zeitpunkt ran.<\/strong><\/p>\n<p><img decoding=\"async\" loading=\"lazy\" class=\"wp-image-2750 size-medium alignleft\" src=\"https:\/\/journalmedizin.de\/ernaehrung\/wp-content\/uploads\/sites\/5\/2019\/03\/Thymian-300x200.jpg\" alt=\"Wann welche Gew\u00fcrze und Kr\u00e4uter? \" width=\"424\" height=\"283\" srcset=\"https:\/\/journalmedizin.de\/ernaehrung\/wp-content\/uploads\/sites\/5\/2019\/03\/Thymian-300x200.jpg 300w, https:\/\/journalmedizin.de\/ernaehrung\/wp-content\/uploads\/sites\/5\/2019\/03\/Thymian-150x100.jpg 150w, https:\/\/journalmedizin.de\/ernaehrung\/wp-content\/uploads\/sites\/5\/2019\/03\/Thymian.jpg 424w\" sizes=\"(max-width: 424px) 100vw, 424px\" \/><\/p>\n<p>Wann sollten welche Gew\u00fcrze und Kr\u00e4uter in den Topf? Eine gute Frage und eine sehr wichtige. Denn fasch eingesetzt wird es leider oftmals mit dem Gaumenzauber nichts \u2026 Hier kommt Aufkl\u00e4rung.<\/p>\n<h2>Gew\u00fcrze meist easy<\/h2>\n<p>Die meisten Gew\u00fcrze sind unkompliziert. Sie vertragen hohe Temperaturen und k\u00f6nnen von Anfang an in den Topf. Dazu z\u00e4hlen beispielsweise <a href=\"https:\/\/journalmedizin.de\/ernaehrung\/curry-spicy-gegen-entzuendungen\/\" target=\"_blank\" rel=\"noopener\">Curry<\/a>, Fenchel, Kurkuma, Pimentk\u00f6rner, Lorbeerbl\u00e4tter, Zimt und K\u00fcmmel. Wer den Geschmack noch intensivieren m\u00f6chte, kann Anis, Schwarzk\u00fcmmel und Senfsamen vor der Verwendung kurz anr\u00f6sten.<\/p>\n<h2>Kr\u00e4uter sind schwieriger<\/h2>\n<p>Bei <a href=\"https:\/\/journalmedizin.de\/ernaehrung\/holen-wir-uns-gesunde-bitterstoffe-zurueck\/\" target=\"_blank\" rel=\"noopener\">Kr\u00e4utern<\/a> mit festen Bl\u00e4ttern wie Estragon, Oregano und <a href=\"https:\/\/journalmedizin.de\/ernaehrung\/shootingstar-baerlauch\/\" target=\"_blank\" rel=\"noopener\">Thymian<\/a> wird der Geschmack w\u00e4hrend des Kochens sogar noch intensiver. F\u00fcr ein \u201eBouquet garni\u201c werden Kr\u00e4uterzweige zu einem Str\u00e4u\u00dfchen zusammengebunden, mit gegart und vor dem Servieren wieder entfernt. Bei Chiliflocken nimmt mit der Zeit die <a href=\"https:\/\/journalmedizin.de\/ernaehrung\/scharf-und-sauer-kickt-unsere-abwehr\/\" target=\"_blank\" rel=\"noopener\">Sch\u00e4rfe<\/a> zu, sodass sie vorsichtig dosiert werden sollten. Paprikapulver dagegen reagiert auf zu viel <a href=\"https:\/\/journalmedizin.de\/ernaehrung\/salmonellen-so-bannen-sie-die-gefahr\/\" target=\"_blank\" rel=\"noopener\">Hitze<\/a> mit einem bitteren Beigeschmack.<\/p>\n<p>Zarte Kr\u00e4uter wie <a href=\"https:\/\/journalmedizin.de\/ernaehrung\/kennen-sie-schon-switchel\/\" target=\"_blank\" rel=\"noopener\">Basilikum<\/a>, Majoran und B\u00e4rlauch vertragen keine langen Kochzeiten. Sie werden nur f\u00fcr einige Minuten hinzugef\u00fcgt, damit sie ihr Aroma nicht verlieren. Das gilt auch f\u00fcr Ingwer, <a href=\"https:\/\/journalmedizin.de\/ernaehrung\/wie-lange-bleiben-ostereier-frisch\/\" target=\"_blank\" rel=\"noopener\">Safran<\/a> und Cayennepfeffer. Manche Kr\u00e4uter wie Kerbel, Dill und <a href=\"https:\/\/journalmedizin.de\/ernaehrung\/entruempeln-sie-sich-durch-fasten\/\" target=\"_blank\" rel=\"noopener\">Schnittlauch<\/a> sind so sensibel, dass man sie gar nicht erhitzen sollte. Stattdessen werden sie kurz vor dem Servieren vorsichtig zerkleinert und direkt \u00fcber das Gericht gestreut. Auch Muskatnuss und <a href=\"https:\/\/journalmedizin.de\/ernaehrung\/mit-der-dash-diaet-gegen-bluthochdruck\/\" target=\"_blank\" rel=\"noopener\">Pfeffer<\/a> sind empfindlich. Sie und andere gemahlene Gew\u00fcrze kommen generell immer erst zum Schluss ins Essen.<\/p>\n<h6 style=\"text-align: right;\">Foto: \u00a9 Helene13 \/ <a href=\"http:\/\/www.pixelio.de\">pixelio.de<\/a><\/h6>\n","protected":false},"excerpt":{"rendered":"<p>Kr\u00e4uter und Gew\u00fcrze sind top zum Kochen. Doch damit sich ihr Aroma optimal entfaltet, m\u00fcssen sie zum richtigen Zeitpunkt ran. \u2026 <a class=\"continue-reading-link\" href=\"https:\/\/journalmedizin.de\/ernaehrung\/so-setzen-sie-gewuerze-und-kraeuter-richtig-ein\/\">Weiterlesen <span class=\"meta-nav\">&rarr; <\/span><\/a><\/p>\n","protected":false},"author":4,"featured_media":2750,"comment_status":"closed","ping_status":"open","sticky":false,"template":"","format":"standard","meta":[],"categories":[1],"tags":[2227,429,1253,1268,2232,2234,448,2236,2230,2222,434,2221,1934,935,2235,478,2233,1254,2226,451,2224,1263,2237,1264,2231,1148,2223,1878,1724,709,2228,2229,1260,2225],"yoast_head":"<!-- This site is optimized with the Yoast SEO plugin v19.14 - https:\/\/yoast.com\/wordpress\/plugins\/seo\/ -->\n<title>So setzen Sie Gew\u00fcrze und Kr\u00e4uter richtig ein - Journal Ern\u00e4hrung<\/title>\n<meta name=\"description\" content=\"Kr\u00e4uter und Gew\u00fcrze sind top zum Kochen. Doch damit sich ihr Aroma optimal entfaltet, m\u00fcssen sie zum richtigen Zeitpunkt ran.\" \/>\n<meta name=\"robots\" content=\"index, follow, max-snippet:-1, max-image-preview:large, max-video-preview:-1\" \/>\n<link rel=\"canonical\" href=\"http:\/\/journalmedizin.de\/ernaehrung\/so-setzen-sie-gewuerze-und-kraeuter-richtig-ein\/\" \/>\n<meta property=\"og:locale\" content=\"de_DE\" \/>\n<meta property=\"og:type\" content=\"article\" \/>\n<meta property=\"og:title\" content=\"So setzen Sie Gew\u00fcrze und Kr\u00e4uter richtig ein - Journal Ern\u00e4hrung\" \/>\n<meta property=\"og:description\" content=\"Kr\u00e4uter und Gew\u00fcrze sind top zum Kochen. Doch damit sich ihr Aroma optimal entfaltet, m\u00fcssen sie zum richtigen Zeitpunkt ran.\" \/>\n<meta property=\"og:url\" content=\"http:\/\/journalmedizin.de\/ernaehrung\/so-setzen-sie-gewuerze-und-kraeuter-richtig-ein\/\" \/>\n<meta property=\"og:site_name\" content=\"Journal Ern\u00e4hrung\" \/>\n<meta property=\"article:publisher\" content=\"https:\/\/www.facebook.com\/JournalMedizin\/\" \/>\n<meta property=\"article:published_time\" content=\"2020-07-01T04:00:01+00:00\" \/>\n<meta property=\"article:modified_time\" content=\"2020-06-30T12:21:42+00:00\" \/>\n<meta property=\"og:image\" content=\"http:\/\/journalmedizin.de\/ernaehrung\/wp-content\/uploads\/sites\/5\/2019\/03\/Thymian.jpg\" \/>\n\t<meta property=\"og:image:width\" content=\"424\" \/>\n\t<meta property=\"og:image:height\" content=\"283\" \/>\n\t<meta property=\"og:image:type\" content=\"image\/jpeg\" \/>\n<meta name=\"author\" content=\"Birgit Frohn\" \/>\n<meta name=\"twitter:card\" content=\"summary_large_image\" \/>\n<meta name=\"twitter:label1\" content=\"Verfasst von\" \/>\n\t<meta name=\"twitter:data1\" content=\"Birgit Frohn\" \/>\n\t<meta name=\"twitter:label2\" content=\"Gesch\u00e4tzte Lesezeit\" \/>\n\t<meta name=\"twitter:data2\" content=\"1\u00a0Minute\" \/>\n<script type=\"application\/ld+json\" class=\"yoast-schema-graph\">{\"@context\":\"https:\/\/schema.org\",\"@graph\":[{\"@type\":\"WebPage\",\"@id\":\"http:\/\/journalmedizin.de\/ernaehrung\/so-setzen-sie-gewuerze-und-kraeuter-richtig-ein\/\",\"url\":\"http:\/\/journalmedizin.de\/ernaehrung\/so-setzen-sie-gewuerze-und-kraeuter-richtig-ein\/\",\"name\":\"So setzen Sie Gew\u00fcrze und Kr\u00e4uter richtig ein - Journal Ern\u00e4hrung\",\"isPartOf\":{\"@id\":\"http:\/\/journalmedizin.de\/ernaehrung\/#website\"},\"datePublished\":\"2020-07-01T04:00:01+00:00\",\"dateModified\":\"2020-06-30T12:21:42+00:00\",\"author\":{\"@id\":\"http:\/\/journalmedizin.de\/ernaehrung\/#\/schema\/person\/75e6c9710d5ae5e48c6561af96f03df2\"},\"description\":\"Kr\u00e4uter und Gew\u00fcrze sind top zum Kochen. Doch damit sich ihr Aroma optimal entfaltet, m\u00fcssen sie zum richtigen Zeitpunkt ran.\",\"breadcrumb\":{\"@id\":\"http:\/\/journalmedizin.de\/ernaehrung\/so-setzen-sie-gewuerze-und-kraeuter-richtig-ein\/#breadcrumb\"},\"inLanguage\":\"de\",\"potentialAction\":[{\"@type\":\"ReadAction\",\"target\":[\"http:\/\/journalmedizin.de\/ernaehrung\/so-setzen-sie-gewuerze-und-kraeuter-richtig-ein\/\"]}]},{\"@type\":\"BreadcrumbList\",\"@id\":\"http:\/\/journalmedizin.de\/ernaehrung\/so-setzen-sie-gewuerze-und-kraeuter-richtig-ein\/#breadcrumb\",\"itemListElement\":[{\"@type\":\"ListItem\",\"position\":1,\"name\":\"Startseite\",\"item\":\"http:\/\/journalmedizin.de\/ernaehrung\/\"},{\"@type\":\"ListItem\",\"position\":2,\"name\":\"So setzen Sie Gew\u00fcrze und Kr\u00e4uter richtig ein\"}]},{\"@type\":\"WebSite\",\"@id\":\"http:\/\/journalmedizin.de\/ernaehrung\/#website\",\"url\":\"http:\/\/journalmedizin.de\/ernaehrung\/\",\"name\":\"Journal Ern\u00e4hrung\",\"description\":\"Eine Themenseite von Journal Medizin\",\"potentialAction\":[{\"@type\":\"SearchAction\",\"target\":{\"@type\":\"EntryPoint\",\"urlTemplate\":\"http:\/\/journalmedizin.de\/ernaehrung\/?s={search_term_string}\"},\"query-input\":\"required name=search_term_string\"}],\"inLanguage\":\"de\"},{\"@type\":\"Person\",\"@id\":\"http:\/\/journalmedizin.de\/ernaehrung\/#\/schema\/person\/75e6c9710d5ae5e48c6561af96f03df2\",\"name\":\"Birgit Frohn\",\"image\":{\"@type\":\"ImageObject\",\"inLanguage\":\"de\",\"@id\":\"http:\/\/journalmedizin.de\/ernaehrung\/#\/schema\/person\/image\/\",\"url\":\"https:\/\/secure.gravatar.com\/avatar\/e2399d389fb9c69c0a6b850c3f34de5f?s=96&d=mm&r=g\",\"contentUrl\":\"https:\/\/secure.gravatar.com\/avatar\/e2399d389fb9c69c0a6b850c3f34de5f?s=96&d=mm&r=g\",\"caption\":\"Birgit Frohn\"},\"sameAs\":[\"http:\/\/JournalMedizin.de\"],\"url\":\"https:\/\/journalmedizin.de\/ernaehrung\/author\/frohn\/\"}]}<\/script>\n<!-- \/ Yoast SEO plugin. -->","yoast_head_json":{"title":"So setzen Sie Gew\u00fcrze und Kr\u00e4uter richtig ein - Journal Ern\u00e4hrung","description":"Kr\u00e4uter und Gew\u00fcrze sind top zum Kochen. Doch damit sich ihr Aroma optimal entfaltet, m\u00fcssen sie zum richtigen Zeitpunkt ran.","robots":{"index":"index","follow":"follow","max-snippet":"max-snippet:-1","max-image-preview":"max-image-preview:large","max-video-preview":"max-video-preview:-1"},"canonical":"http:\/\/journalmedizin.de\/ernaehrung\/so-setzen-sie-gewuerze-und-kraeuter-richtig-ein\/","og_locale":"de_DE","og_type":"article","og_title":"So setzen Sie Gew\u00fcrze und Kr\u00e4uter richtig ein - Journal Ern\u00e4hrung","og_description":"Kr\u00e4uter und Gew\u00fcrze sind top zum Kochen. Doch damit sich ihr Aroma optimal entfaltet, m\u00fcssen sie zum richtigen Zeitpunkt ran.","og_url":"http:\/\/journalmedizin.de\/ernaehrung\/so-setzen-sie-gewuerze-und-kraeuter-richtig-ein\/","og_site_name":"Journal Ern\u00e4hrung","article_publisher":"https:\/\/www.facebook.com\/JournalMedizin\/","article_published_time":"2020-07-01T04:00:01+00:00","article_modified_time":"2020-06-30T12:21:42+00:00","og_image":[{"width":424,"height":283,"url":"http:\/\/journalmedizin.de\/ernaehrung\/wp-content\/uploads\/sites\/5\/2019\/03\/Thymian.jpg","type":"image\/jpeg"}],"author":"Birgit Frohn","twitter_card":"summary_large_image","twitter_misc":{"Verfasst von":"Birgit Frohn","Gesch\u00e4tzte Lesezeit":"1\u00a0Minute"},"schema":{"@context":"https:\/\/schema.org","@graph":[{"@type":"WebPage","@id":"http:\/\/journalmedizin.de\/ernaehrung\/so-setzen-sie-gewuerze-und-kraeuter-richtig-ein\/","url":"http:\/\/journalmedizin.de\/ernaehrung\/so-setzen-sie-gewuerze-und-kraeuter-richtig-ein\/","name":"So setzen Sie Gew\u00fcrze und Kr\u00e4uter richtig ein - Journal Ern\u00e4hrung","isPartOf":{"@id":"http:\/\/journalmedizin.de\/ernaehrung\/#website"},"datePublished":"2020-07-01T04:00:01+00:00","dateModified":"2020-06-30T12:21:42+00:00","author":{"@id":"http:\/\/journalmedizin.de\/ernaehrung\/#\/schema\/person\/75e6c9710d5ae5e48c6561af96f03df2"},"description":"Kr\u00e4uter und Gew\u00fcrze sind top zum Kochen. Doch damit sich ihr Aroma optimal entfaltet, m\u00fcssen sie zum richtigen Zeitpunkt ran.","breadcrumb":{"@id":"http:\/\/journalmedizin.de\/ernaehrung\/so-setzen-sie-gewuerze-und-kraeuter-richtig-ein\/#breadcrumb"},"inLanguage":"de","potentialAction":[{"@type":"ReadAction","target":["http:\/\/journalmedizin.de\/ernaehrung\/so-setzen-sie-gewuerze-und-kraeuter-richtig-ein\/"]}]},{"@type":"BreadcrumbList","@id":"http:\/\/journalmedizin.de\/ernaehrung\/so-setzen-sie-gewuerze-und-kraeuter-richtig-ein\/#breadcrumb","itemListElement":[{"@type":"ListItem","position":1,"name":"Startseite","item":"http:\/\/journalmedizin.de\/ernaehrung\/"},{"@type":"ListItem","position":2,"name":"So setzen Sie Gew\u00fcrze und Kr\u00e4uter richtig ein"}]},{"@type":"WebSite","@id":"http:\/\/journalmedizin.de\/ernaehrung\/#website","url":"http:\/\/journalmedizin.de\/ernaehrung\/","name":"Journal Ern\u00e4hrung","description":"Eine Themenseite von Journal Medizin","potentialAction":[{"@type":"SearchAction","target":{"@type":"EntryPoint","urlTemplate":"http:\/\/journalmedizin.de\/ernaehrung\/?s={search_term_string}"},"query-input":"required name=search_term_string"}],"inLanguage":"de"},{"@type":"Person","@id":"http:\/\/journalmedizin.de\/ernaehrung\/#\/schema\/person\/75e6c9710d5ae5e48c6561af96f03df2","name":"Birgit Frohn","image":{"@type":"ImageObject","inLanguage":"de","@id":"http:\/\/journalmedizin.de\/ernaehrung\/#\/schema\/person\/image\/","url":"https:\/\/secure.gravatar.com\/avatar\/e2399d389fb9c69c0a6b850c3f34de5f?s=96&d=mm&r=g","contentUrl":"https:\/\/secure.gravatar.com\/avatar\/e2399d389fb9c69c0a6b850c3f34de5f?s=96&d=mm&r=g","caption":"Birgit Frohn"},"sameAs":["http:\/\/JournalMedizin.de"],"url":"https:\/\/journalmedizin.de\/ernaehrung\/author\/frohn\/"}]}},"_links":{"self":[{"href":"https:\/\/journalmedizin.de\/ernaehrung\/wp-json\/wp\/v2\/posts\/2749"}],"collection":[{"href":"https:\/\/journalmedizin.de\/ernaehrung\/wp-json\/wp\/v2\/posts"}],"about":[{"href":"https:\/\/journalmedizin.de\/ernaehrung\/wp-json\/wp\/v2\/types\/post"}],"author":[{"embeddable":true,"href":"https:\/\/journalmedizin.de\/ernaehrung\/wp-json\/wp\/v2\/users\/4"}],"replies":[{"embeddable":true,"href":"https:\/\/journalmedizin.de\/ernaehrung\/wp-json\/wp\/v2\/comments?post=2749"}],"version-history":[{"count":7,"href":"https:\/\/journalmedizin.de\/ernaehrung\/wp-json\/wp\/v2\/posts\/2749\/revisions"}],"predecessor-version":[{"id":3744,"href":"https:\/\/journalmedizin.de\/ernaehrung\/wp-json\/wp\/v2\/posts\/2749\/revisions\/3744"}],"wp:featuredmedia":[{"embeddable":true,"href":"https:\/\/journalmedizin.de\/ernaehrung\/wp-json\/wp\/v2\/media\/2750"}],"wp:attachment":[{"href":"https:\/\/journalmedizin.de\/ernaehrung\/wp-json\/wp\/v2\/media?parent=2749"}],"wp:term":[{"taxonomy":"category","embeddable":true,"href":"https:\/\/journalmedizin.de\/ernaehrung\/wp-json\/wp\/v2\/categories?post=2749"},{"taxonomy":"post_tag","embeddable":true,"href":"https:\/\/journalmedizin.de\/ernaehrung\/wp-json\/wp\/v2\/tags?post=2749"}],"curies":[{"name":"wp","href":"https:\/\/api.w.org\/{rel}","templated":true}]}}