{"id":1203,"date":"2019-03-08T18:35:03","date_gmt":"2019-03-08T17:35:03","guid":{"rendered":"http:\/\/journalmedizin.de\/magen-darm\/?p=1203"},"modified":"2019-03-08T18:31:47","modified_gmt":"2019-03-08T17:31:47","slug":"parkinson-ursache-im-magen","status":"publish","type":"post","link":"https:\/\/journalmedizin.de\/magen-darm\/parkinson-ursache-im-magen\/","title":{"rendered":"Parkinson: Ursache im Magen?"},"content":{"rendered":"<p><strong>Eine neue Studie zeigt: Trennt man einen Nerv, der das Gehirn mit dem Bauchraum verbindet, sinkt das Risiko f\u00fcr Parkinson.<\/strong><\/p>\n<p><img decoding=\"async\" loading=\"lazy\" class=\"alignleft wp-image-1219 size-full\" src=\"https:\/\/journalmedizin.de\/magen-darm\/wp-content\/uploads\/sites\/3\/2017\/06\/Fotolia_3981786_XSKopie.jpg\" alt=\"Eine Leiter ragt in den Himmel: Wie an einer Leiter klettern Eiwei\u00dfmolek\u00fcle aus dem Magen ins Gehirn und l\u00f6sen dort Morbus Parkinson aus, legt eine neue Studie nahe.\" width=\"424\" height=\"283\" srcset=\"https:\/\/journalmedizin.de\/magen-darm\/wp-content\/uploads\/sites\/3\/2017\/06\/Fotolia_3981786_XSKopie.jpg 424w, https:\/\/journalmedizin.de\/magen-darm\/wp-content\/uploads\/sites\/3\/2017\/06\/Fotolia_3981786_XSKopie-300x200.jpg 300w, https:\/\/journalmedizin.de\/magen-darm\/wp-content\/uploads\/sites\/3\/2017\/06\/Fotolia_3981786_XSKopie-150x100.jpg 150w\" sizes=\"(max-width: 424px) 100vw, 424px\" \/>Morbus Parkinson ist nach der Alzheimer-Krankheit die zweith\u00e4ufigste Erkrankung der <a href=\"https:\/\/journalmedizin.de\/magen-darm\/darmbakterien-gegen-depressionen\/\" target=\"_blank\" rel=\"noopener\">Nervenzellen<\/a> im Gehirn. Weltweit leben rund 4,1 Millionen Menschen damit \u2013 allein in Deutschland sind mehr als 280.000 Personen betroffen. Bei der Krankheit gehen Zellen im Gehirn zugrunde, die f\u00fcr die Steuerung von K\u00f6rperbewegungen wichtig sind. Den motorischen Schwierigkeiten, die damit verbunden sind, gehen jedoch meist jahrelange unbestimmte Symptome voraus. So leiden die Patienten, bei denen sp\u00e4ter Parkinson festgestellt wird, etwa doppelt so h\u00e4ufig an Verstopfung und Schlafst\u00f6rungen wie die Allgemeinbev\u00f6lkerung.<\/p>\n<h2>Verdacht best\u00e4tigt<\/h2>\n<p>Den Zusammenhang zwischen Bauch und <a href=\"https:\/\/journalmedizin.de\/magen-darm\/enterisches-nervensystem-gehirn-im-bauch\/\" target=\"_blank\" rel=\"noopener\">Gehirn<\/a> haben Forscher daher schon l\u00e4nger im Visier: Die Erkrankung, so die These, nimmt zumindest teilweise ihren Beginn im Verdauungstrakt. Eine Schl\u00fcsselrolle spielt dabei ein Eiwei\u00dfmolek\u00fcl, das sich typischerweise in den erkrankten Gehirnzellen ablagert. Diese Ablagerungen entstehen \u2013 wom\u00f6glich durch den Einfluss von Umweltgiften \u2013 allerdings auch im Nervensystem des <a href=\"https:\/\/journalmedizin.de\/magen-darm\/magen-der-fleissige-vorarbeiter\/\" target=\"_blank\" rel=\"noopener\">Magens<\/a>. Von dort aus, so die Annahme, klettern die Ablagerungen ins Gehirn. Dabei nutzen sie den Vagus-Nerv, der sich vom Gehirn in den Bauchraum zieht, wie eine Steigleiter. Eine aktuelle Studie von schwedischen Forschern* hat diese Hypothese nun best\u00e4tigt: Die <a href=\"https:\/\/journalmedizin.de\/magen-darm\/was-tun-wenn-das-schlucken-schwerfaellt\/\" target=\"_blank\" rel=\"noopener\">Parkinson-Krankheit<\/a> entsteht im Magen und breitet sich \u00fcber die Nervenbahnen ins Gehirn aus.<\/p>\n<h2>Nervenschnitt bremst Parkinson<\/h2>\n<p>F\u00fcr die Studie wurde eine nationale Gesundheitsdatenbank \u201eangezapft\u201c: Untersucht wurden alle Patienten, die sich einer so genannten Vagotomie unterzogen hatten. Bei diesem Verfahren durchtrennen Chirurgen den Vagus-Nerv \u2013 bislang geschieht das \u00fcblicherweise, um die Produktion von <a href=\"https:\/\/journalmedizin.de\/magen-darm\/warum-magensaeure-so-wichtig-ist\/\" target=\"_blank\" rel=\"noopener\">Magens\u00e4ure<\/a> zu blockieren. Gegen\u00fcber der Kontrollgruppe war das Risiko, an Parkinson zu erkranken, nach einer Vagotomie um 22 Prozent geringer. Lag dieser Eingriff bereits mindestens f\u00fcnf Jahre zur\u00fcck, war das Risiko sogar um 41 Prozent gesunken. Dieses neue Verst\u00e4ndnis des Krankheitsverlaufs ebnet den Weg zu neuen Therapieans\u00e4tzen: K\u00fcnftig k\u00f6nnte ggf. die Ausbreitung des Eiwei\u00dfmolek\u00fcls aus dem Nervensystem des Magens verhindert werden.<\/p>\n<p><sup>* Liu B. et al.: Vagotomy and Parkinson disease: A Swedish register-based matched-cohort study. Neurology, April 2017 DOI: 10.1212\/WNL.0000000000003961<\/sup><\/p>\n<p style=\"text-align: right;\"><img decoding=\"async\" loading=\"lazy\" class=\"alignleft\" src=\"http:\/\/vg05.met.vgwort.de\/na\/xxx\" width=\"1\" height=\"1\" \/><sup>Foto: \u00a9 Fantasista &#8211; Fotolia<\/sup><\/p>\n","protected":false},"excerpt":{"rendered":"<p>Eine neue Studie zeigt: Trennt man einen Nerv, der das Gehirn mit dem Bauchraum verbindet, sinkt das Risiko f\u00fcr Parkinson. \u2026 <a class=\"continue-reading-link\" href=\"https:\/\/journalmedizin.de\/magen-darm\/parkinson-ursache-im-magen\/\">Weiterlesen <span class=\"meta-nav\">&rarr; <\/span><\/a><\/p>\n","protected":false},"author":4,"featured_media":1219,"comment_status":"closed","ping_status":"open","sticky":false,"template":"","format":"standard","meta":[],"categories":[6],"tags":[237,264,602,11,9,603,604,220,600,596,598,599,226,605,597,82,186,250],"yoast_head":"<!-- This site is optimized with the Yoast SEO plugin v19.14 - https:\/\/yoast.com\/wordpress\/plugins\/seo\/ -->\n<title>Parkinson: Ursache im Magen? - Journal Magen-Darm<\/title>\n<meta name=\"robots\" content=\"index, follow, max-snippet:-1, max-image-preview:large, max-video-preview:-1\" \/>\n<link rel=\"canonical\" href=\"https:\/\/journalmedizin.de\/magen-darm\/parkinson-ursache-im-magen\/\" \/>\n<meta property=\"og:locale\" content=\"de_DE\" \/>\n<meta property=\"og:type\" content=\"article\" \/>\n<meta property=\"og:title\" content=\"Parkinson: Ursache im Magen? - Journal Magen-Darm\" \/>\n<meta property=\"og:description\" content=\"Eine neue Studie zeigt: Trennt man einen Nerv, der das Gehirn mit dem Bauchraum verbindet, sinkt das Risiko f\u00fcr Parkinson. \u2026 Weiterlesen &rarr;\" \/>\n<meta property=\"og:url\" content=\"https:\/\/journalmedizin.de\/magen-darm\/parkinson-ursache-im-magen\/\" \/>\n<meta property=\"og:site_name\" content=\"Journal Magen-Darm\" \/>\n<meta property=\"article:published_time\" content=\"2019-03-08T17:35:03+00:00\" \/>\n<meta property=\"article:modified_time\" content=\"2019-03-08T17:31:47+00:00\" \/>\n<meta property=\"og:image\" content=\"https:\/\/journalmedizin.de\/magen-darm\/wp-content\/uploads\/sites\/3\/2017\/06\/Fotolia_3981786_XSKopie.jpg\" \/>\n\t<meta property=\"og:image:width\" content=\"424\" \/>\n\t<meta property=\"og:image:height\" content=\"283\" \/>\n\t<meta property=\"og:image:type\" content=\"image\/jpeg\" \/>\n<meta name=\"author\" content=\"Birgit Frohn\" \/>\n<meta name=\"twitter:card\" content=\"summary_large_image\" \/>\n<meta name=\"twitter:label1\" content=\"Verfasst von\" \/>\n\t<meta name=\"twitter:data1\" content=\"Birgit Frohn\" \/>\n\t<meta name=\"twitter:label2\" content=\"Gesch\u00e4tzte Lesezeit\" \/>\n\t<meta name=\"twitter:data2\" content=\"2\u00a0Minuten\" \/>\n<script type=\"application\/ld+json\" class=\"yoast-schema-graph\">{\"@context\":\"https:\/\/schema.org\",\"@graph\":[{\"@type\":\"WebPage\",\"@id\":\"https:\/\/journalmedizin.de\/magen-darm\/parkinson-ursache-im-magen\/\",\"url\":\"https:\/\/journalmedizin.de\/magen-darm\/parkinson-ursache-im-magen\/\",\"name\":\"Parkinson: Ursache im Magen? - Journal Magen-Darm\",\"isPartOf\":{\"@id\":\"https:\/\/journalmedizin.de\/magen-darm\/#website\"},\"datePublished\":\"2019-03-08T17:35:03+00:00\",\"dateModified\":\"2019-03-08T17:31:47+00:00\",\"author\":{\"@id\":\"https:\/\/journalmedizin.de\/magen-darm\/#\/schema\/person\/75e6c9710d5ae5e48c6561af96f03df2\"},\"breadcrumb\":{\"@id\":\"https:\/\/journalmedizin.de\/magen-darm\/parkinson-ursache-im-magen\/#breadcrumb\"},\"inLanguage\":\"de\",\"potentialAction\":[{\"@type\":\"ReadAction\",\"target\":[\"https:\/\/journalmedizin.de\/magen-darm\/parkinson-ursache-im-magen\/\"]}]},{\"@type\":\"BreadcrumbList\",\"@id\":\"https:\/\/journalmedizin.de\/magen-darm\/parkinson-ursache-im-magen\/#breadcrumb\",\"itemListElement\":[{\"@type\":\"ListItem\",\"position\":1,\"name\":\"Startseite\",\"item\":\"https:\/\/journalmedizin.de\/magen-darm\/\"},{\"@type\":\"ListItem\",\"position\":2,\"name\":\"Parkinson: Ursache im Magen?\"}]},{\"@type\":\"WebSite\",\"@id\":\"https:\/\/journalmedizin.de\/magen-darm\/#website\",\"url\":\"https:\/\/journalmedizin.de\/magen-darm\/\",\"name\":\"Journal Magen-Darm\",\"description\":\"Eine Themenseite von Journal Medizin\",\"potentialAction\":[{\"@type\":\"SearchAction\",\"target\":{\"@type\":\"EntryPoint\",\"urlTemplate\":\"https:\/\/journalmedizin.de\/magen-darm\/?s={search_term_string}\"},\"query-input\":\"required name=search_term_string\"}],\"inLanguage\":\"de\"},{\"@type\":\"Person\",\"@id\":\"https:\/\/journalmedizin.de\/magen-darm\/#\/schema\/person\/75e6c9710d5ae5e48c6561af96f03df2\",\"name\":\"Birgit Frohn\",\"image\":{\"@type\":\"ImageObject\",\"inLanguage\":\"de\",\"@id\":\"https:\/\/journalmedizin.de\/magen-darm\/#\/schema\/person\/image\/\",\"url\":\"https:\/\/secure.gravatar.com\/avatar\/e2399d389fb9c69c0a6b850c3f34de5f?s=96&d=mm&r=g\",\"contentUrl\":\"https:\/\/secure.gravatar.com\/avatar\/e2399d389fb9c69c0a6b850c3f34de5f?s=96&d=mm&r=g\",\"caption\":\"Birgit Frohn\"},\"sameAs\":[\"http:\/\/JournalMedizin.de\"],\"url\":\"https:\/\/journalmedizin.de\/magen-darm\/author\/frohn\/\"}]}<\/script>\n<!-- \/ Yoast SEO plugin. -->","yoast_head_json":{"title":"Parkinson: Ursache im Magen? - Journal Magen-Darm","robots":{"index":"index","follow":"follow","max-snippet":"max-snippet:-1","max-image-preview":"max-image-preview:large","max-video-preview":"max-video-preview:-1"},"canonical":"https:\/\/journalmedizin.de\/magen-darm\/parkinson-ursache-im-magen\/","og_locale":"de_DE","og_type":"article","og_title":"Parkinson: Ursache im Magen? - Journal Magen-Darm","og_description":"Eine neue Studie zeigt: Trennt man einen Nerv, der das Gehirn mit dem Bauchraum verbindet, sinkt das Risiko f\u00fcr Parkinson. \u2026 Weiterlesen &rarr;","og_url":"https:\/\/journalmedizin.de\/magen-darm\/parkinson-ursache-im-magen\/","og_site_name":"Journal Magen-Darm","article_published_time":"2019-03-08T17:35:03+00:00","article_modified_time":"2019-03-08T17:31:47+00:00","og_image":[{"width":424,"height":283,"url":"https:\/\/journalmedizin.de\/magen-darm\/wp-content\/uploads\/sites\/3\/2017\/06\/Fotolia_3981786_XSKopie.jpg","type":"image\/jpeg"}],"author":"Birgit Frohn","twitter_card":"summary_large_image","twitter_misc":{"Verfasst von":"Birgit Frohn","Gesch\u00e4tzte Lesezeit":"2\u00a0Minuten"},"schema":{"@context":"https:\/\/schema.org","@graph":[{"@type":"WebPage","@id":"https:\/\/journalmedizin.de\/magen-darm\/parkinson-ursache-im-magen\/","url":"https:\/\/journalmedizin.de\/magen-darm\/parkinson-ursache-im-magen\/","name":"Parkinson: Ursache im Magen? - Journal Magen-Darm","isPartOf":{"@id":"https:\/\/journalmedizin.de\/magen-darm\/#website"},"datePublished":"2019-03-08T17:35:03+00:00","dateModified":"2019-03-08T17:31:47+00:00","author":{"@id":"https:\/\/journalmedizin.de\/magen-darm\/#\/schema\/person\/75e6c9710d5ae5e48c6561af96f03df2"},"breadcrumb":{"@id":"https:\/\/journalmedizin.de\/magen-darm\/parkinson-ursache-im-magen\/#breadcrumb"},"inLanguage":"de","potentialAction":[{"@type":"ReadAction","target":["https:\/\/journalmedizin.de\/magen-darm\/parkinson-ursache-im-magen\/"]}]},{"@type":"BreadcrumbList","@id":"https:\/\/journalmedizin.de\/magen-darm\/parkinson-ursache-im-magen\/#breadcrumb","itemListElement":[{"@type":"ListItem","position":1,"name":"Startseite","item":"https:\/\/journalmedizin.de\/magen-darm\/"},{"@type":"ListItem","position":2,"name":"Parkinson: Ursache im Magen?"}]},{"@type":"WebSite","@id":"https:\/\/journalmedizin.de\/magen-darm\/#website","url":"https:\/\/journalmedizin.de\/magen-darm\/","name":"Journal Magen-Darm","description":"Eine Themenseite von Journal Medizin","potentialAction":[{"@type":"SearchAction","target":{"@type":"EntryPoint","urlTemplate":"https:\/\/journalmedizin.de\/magen-darm\/?s={search_term_string}"},"query-input":"required name=search_term_string"}],"inLanguage":"de"},{"@type":"Person","@id":"https:\/\/journalmedizin.de\/magen-darm\/#\/schema\/person\/75e6c9710d5ae5e48c6561af96f03df2","name":"Birgit Frohn","image":{"@type":"ImageObject","inLanguage":"de","@id":"https:\/\/journalmedizin.de\/magen-darm\/#\/schema\/person\/image\/","url":"https:\/\/secure.gravatar.com\/avatar\/e2399d389fb9c69c0a6b850c3f34de5f?s=96&d=mm&r=g","contentUrl":"https:\/\/secure.gravatar.com\/avatar\/e2399d389fb9c69c0a6b850c3f34de5f?s=96&d=mm&r=g","caption":"Birgit Frohn"},"sameAs":["http:\/\/JournalMedizin.de"],"url":"https:\/\/journalmedizin.de\/magen-darm\/author\/frohn\/"}]}},"_links":{"self":[{"href":"https:\/\/journalmedizin.de\/magen-darm\/wp-json\/wp\/v2\/posts\/1203"}],"collection":[{"href":"https:\/\/journalmedizin.de\/magen-darm\/wp-json\/wp\/v2\/posts"}],"about":[{"href":"https:\/\/journalmedizin.de\/magen-darm\/wp-json\/wp\/v2\/types\/post"}],"author":[{"embeddable":true,"href":"https:\/\/journalmedizin.de\/magen-darm\/wp-json\/wp\/v2\/users\/4"}],"replies":[{"embeddable":true,"href":"https:\/\/journalmedizin.de\/magen-darm\/wp-json\/wp\/v2\/comments?post=1203"}],"version-history":[{"count":20,"href":"https:\/\/journalmedizin.de\/magen-darm\/wp-json\/wp\/v2\/posts\/1203\/revisions"}],"predecessor-version":[{"id":3559,"href":"https:\/\/journalmedizin.de\/magen-darm\/wp-json\/wp\/v2\/posts\/1203\/revisions\/3559"}],"wp:featuredmedia":[{"embeddable":true,"href":"https:\/\/journalmedizin.de\/magen-darm\/wp-json\/wp\/v2\/media\/1219"}],"wp:attachment":[{"href":"https:\/\/journalmedizin.de\/magen-darm\/wp-json\/wp\/v2\/media?parent=1203"}],"wp:term":[{"taxonomy":"category","embeddable":true,"href":"https:\/\/journalmedizin.de\/magen-darm\/wp-json\/wp\/v2\/categories?post=1203"},{"taxonomy":"post_tag","embeddable":true,"href":"https:\/\/journalmedizin.de\/magen-darm\/wp-json\/wp\/v2\/tags?post=1203"}],"curies":[{"name":"wp","href":"https:\/\/api.w.org\/{rel}","templated":true}]}}