{"id":2757,"date":"2020-02-10T06:00:53","date_gmt":"2020-02-10T05:00:53","guid":{"rendered":"http:\/\/journalmedizin.de\/magen-darm\/?p=2757"},"modified":"2020-05-12T10:32:04","modified_gmt":"2020-05-12T08:32:04","slug":"darmkrebsrisiko-durch-richtige-ernaehrung-senken","status":"publish","type":"post","link":"https:\/\/journalmedizin.de\/magen-darm\/darmkrebsrisiko-durch-richtige-ernaehrung-senken\/","title":{"rendered":"Darmkrebsrisiko durch richtige Ern\u00e4hrung senken"},"content":{"rendered":"<p><strong>Immer mehr Indizien belegen: Unsere Ern\u00e4hrung ist mit verantwortlich f\u00fcr das Darmkrebsrisiko. Lebensmittel, die entz\u00fcndungsf\u00f6rdernd sind, k\u00f6nnen es deutlich erh\u00f6hen.<\/strong><\/p>\n<p><img decoding=\"async\" loading=\"lazy\" class=\"wp-image-126 size-medium alignleft\" src=\"https:\/\/journalmedizin.de\/magen-darm\/wp-content\/uploads\/sites\/3\/2017\/04\/Fotolia_21313754_XSKopie.jpg\" alt=\"Mit der richtigen Ern\u00e4hrung l\u00e4sst sich das Darmkrebsrisiko senken. \" width=\"424\" height=\"283\" srcset=\"https:\/\/journalmedizin.de\/magen-darm\/wp-content\/uploads\/sites\/3\/2017\/04\/Fotolia_21313754_XSKopie.jpg 424w, https:\/\/journalmedizin.de\/magen-darm\/wp-content\/uploads\/sites\/3\/2017\/04\/Fotolia_21313754_XSKopie-300x200.jpg 300w, https:\/\/journalmedizin.de\/magen-darm\/wp-content\/uploads\/sites\/3\/2017\/04\/Fotolia_21313754_XSKopie-150x100.jpg 150w\" sizes=\"(max-width: 424px) 100vw, 424px\" \/><\/p>\n<p>Was wir essen und trinken, nimmt \u2013 gut verst\u00e4ndlich \u2013 einen direkten Einfluss auf die Gesundheit unseres Verdauungstrakts. Inzwischen hat man herausgefunden, dass die Ern\u00e4hrung auch Entz\u00fcndungen im Darm verursachen kann. Diese wurden bereits des \u00d6fteren mit der Entstehung von Darmkrebs in Verbindung gebracht. Au\u00dferdem ist bekannt, dass chronische Entz\u00fcndungen die k\u00f6rpereigene Abwehr negativ beeinflussen.\u00a0K\u00f6nnten also durch die Ern\u00e4hrung verursachte Entz\u00fcndungen im Darm das <a href=\"https:\/\/journalmedizin.de\/magen-darm\/autoimmunkrankheiten-darmflora-beteiligt\/\" target=\"_blank\" rel=\"noopener\">Immunsystem<\/a> soweit st\u00f6ren, dass das Darmkrebsrisiko ansteigt?\u00a0Eine sehr berechtigte Frage, der nun eine gro\u00dfe internationale Studie nachgegangen ist.<\/p>\n<h2>Darmkrebsrisiko auf dem Teller<\/h2>\n<p>Um den Zusammenhang zwischen entz\u00fcndungsf\u00f6rdernder <a href=\"https:\/\/journalmedizin.de\/magen-darm\/mit-naturmedizin-gegen-darmkrebs\/\" target=\"_blank\" rel=\"noopener\">Ern\u00e4hrung und dem Risiko f\u00fcr Darmkrebs<\/a> zu untersuchen, wurden die Daten von 125.000 Studienteilnehmern aus zwei Langzeitstudien gesammelt. Aus der gro\u00dfen Anzahl an Teilnehmern konnte man \u00fcber 1.300 F\u00e4lle von Dickdarm- oder Enddarmkrebs mit verf\u00fcgbaren Gewebeproben dokumentieren. Der sogenannte EDIP, kurz f\u00fcr Empirical Dietary Inflammatory Pattern, ist das Ma\u00df f\u00fcr das entz\u00fcndungsf\u00f6rdernde Potential eines Nahrungsmittels. Das Ergebnis der Forscher best\u00e4tigte den lange gehegten Verdacht: Der EDIP Score und die Gefahr, an <a href=\"https:\/\/journalmedizin.de\/magen-darm\/darmkrebs-dem-tumor-auf-der-spur\/\" target=\"_blank\" rel=\"noopener\">Darmkrebs<\/a> zu erkranken, h\u00e4ngen eng miteinander zusammen. Soll hei\u00dfen, je h\u00f6her das Entz\u00fcndungspotential in der <a href=\"https:\/\/journalmedizin.de\/magen-darm\/wie-ein-darmbakterium-uebergewicht-foerdert\/\" target=\"_blank\" rel=\"noopener\">Ern\u00e4hrung<\/a> ist, desto h\u00f6her ist auch das Risiko des Betreffenden.<\/p>\n<h2>Welche Lebensmittel?<\/h2>\n<p>Nun wollen wir nat\u00fcrlich wissen, was wir uns besser nicht oder nicht so h\u00e4ufig servieren sollten. Sprich, wo ein hoher EDIP Score im Essen lauert. Ein gro\u00dfes Entz\u00fcndungspotential haben vor allem rotes und verarbeitetes Fleisch sowie raffiniertes, also stark industriell verarbeitetes Getreide. Auch stark kohlens\u00e4urehaltige Getr\u00e4nke wurden als m\u00f6gliche \u00dcbelt\u00e4ter entlarvt.\u00a0Einen niedrigen EDIP Score haben dagegen <a href=\"https:\/\/journalmedizin.de\/magen-darm\/bier-kann-gluecklich-machen\/\" target=\"_blank\" rel=\"noopener\">Bier<\/a> und <a href=\"https:\/\/journalmedizin.de\/magen-darm\/weinunvertraeglichkeit-haeufiger-als-vermutet\/\" target=\"_blank\" rel=\"noopener\">Wein<\/a> (in geringen Mengen), Kaffee, schwarzer Tee, alle Gem\u00fcse und Fruchtsaft. Diese Aufstellung ist zugebenerma\u00dfen recht vage und nicht so wirklich aufschlussreich. Noch nicht \u2026 Die Wissenschaft arbeitet n\u00e4mlich derzeit mit Hochtouren daran, den entz\u00fcndungsf\u00f6rdernden Effekt unserer Nahrung aufzudecken. \u00dcbrigens nicht nur im Hinblick auf das <a href=\"https:\/\/journalmedizin.de\/magen-darm\/darmkrebs-in-der-familie-frueher-vorsorgen\/\" target=\"_blank\" rel=\"noopener\">Darmkrebsrisiko<\/a>. Auch bei anderen Erkrankungen wie etwa <a href=\"https:\/\/journalmedizin.de\/magen-darm\/verdauungsstoerungen-keine-bagatelle\/\" target=\"_blank\" rel=\"noopener\">Arthrose<\/a> spielt die \u201eEntz\u00fcndlichkeit\u201c der Ern\u00e4hrung eine gro\u00dfe Rolle. So gilt heute der h\u00e4ufige Verzehr von rotem Fleisch als Mitausl\u00f6ser von <a href=\"https:\/\/journalmedizin.de\/magen-darm\/morbus-crohn-nicht_nur_im_darm\/\" target=\"_blank\" rel=\"noopener\">Gelenkbeschwerden<\/a>, wie eben Arthrose.<\/p>\n<h6>*Liu L. et al. Association Between Inflammatory Diet Pattern and Risk of Colorectal Carcinoma Subtypes Classified by Immune Responses to Tumor. Gastroenterology. 2017 Dec;153(6):1517-1530.e14. doi: 10.1053\/j.gastro.2017.08.045. Epub 2017 Sep 1.<\/h6>\n<h6 style=\"text-align: right;\">Foto: \u00a9 civil-foto.de \/ <a href=\"http:\/\/www.fotolia.com\">fotolia.com<\/a><\/h6>\n<h4>Mein Buch zum Thema, erschienen 2018 im Gr\u00e4fe und Unzer Verlag.<\/h4>\n<p><img decoding=\"async\" loading=\"lazy\" class=\"size-medium wp-image-2842 alignleft\" src=\"https:\/\/journalmedizin.de\/magen-darm\/wp-content\/uploads\/sites\/3\/2018\/01\/Faszination_Darm_Cover_klein-218x300.jpg\" alt=\"\" width=\"218\" height=\"300\" srcset=\"https:\/\/journalmedizin.de\/magen-darm\/wp-content\/uploads\/sites\/3\/2018\/01\/Faszination_Darm_Cover_klein-218x300.jpg 218w, https:\/\/journalmedizin.de\/magen-darm\/wp-content\/uploads\/sites\/3\/2018\/01\/Faszination_Darm_Cover_klein-109x150.jpg 109w, https:\/\/journalmedizin.de\/magen-darm\/wp-content\/uploads\/sites\/3\/2018\/01\/Faszination_Darm_Cover_klein.jpg 430w\" sizes=\"(max-width: 218px) 100vw, 218px\" \/><\/p>\n<p>Infos zum Buch unter: <a href=\"http:\/\/www.gu.de\/buecher\/bewusst-gesund-leben\/gesunde-ernaehrung-abnehmen\/1415060-faszination-darm\/\" target=\"_blank\" rel=\"noopener\">http:\/\/www.gu.de\/buecher\/bewusst-gesund-leben\/gesunde-ernaehrung-abnehmen\/1415060-faszination-darm\/<\/a><\/p>\n<p>&nbsp;<\/p>\n<h6 style=\"text-align: right;\"><\/h6>\n","protected":false},"excerpt":{"rendered":"<p>Immer mehr Indizien belegen: Unsere Ern\u00e4hrung ist mit verantwortlich f\u00fcr das Darmkrebsrisiko. Lebensmittel, die entz\u00fcndungsf\u00f6rdernd sind, k\u00f6nnen es deutlich erh\u00f6hen. \u2026 <a class=\"continue-reading-link\" href=\"https:\/\/journalmedizin.de\/magen-darm\/darmkrebsrisiko-durch-richtige-ernaehrung-senken\/\">Weiterlesen <span class=\"meta-nav\">&rarr; <\/span><\/a><\/p>\n","protected":false},"author":4,"featured_media":126,"comment_status":"closed","ping_status":"open","sticky":false,"template":"","format":"standard","meta":[],"categories":[6,31],"tags":[221,27,970,56,36,1011,1012,1173,1176,154,1175,43,132,358,1177,714,801,303,633,24,300,81,1174,1179,13,176,82,515,1178],"yoast_head":"<!-- This site is optimized with the Yoast SEO plugin v19.14 - https:\/\/yoast.com\/wordpress\/plugins\/seo\/ -->\n<title>Darmkrebsrisiko durch richtige Ern\u00e4hrung senken - Journal Magen-Darm<\/title>\n<meta name=\"description\" content=\"Immer mehr Indizien belegen: Unsere Ern\u00e4hrung ist mit verantwortlich f\u00fcr das Darmkrebsrisiko. Lebensmittel, die entz\u00fcndungsf\u00f6rdernd sind, k\u00f6nnen es erh\u00f6hen.\" \/>\n<meta name=\"robots\" content=\"index, follow, max-snippet:-1, max-image-preview:large, max-video-preview:-1\" \/>\n<link rel=\"canonical\" href=\"https:\/\/journalmedizin.de\/magen-darm\/darmkrebsrisiko-durch-richtige-ernaehrung-senken\/\" \/>\n<meta property=\"og:locale\" content=\"de_DE\" \/>\n<meta property=\"og:type\" content=\"article\" \/>\n<meta property=\"og:title\" content=\"Darmkrebsrisiko durch richtige Ern\u00e4hrung senken - Journal Magen-Darm\" \/>\n<meta property=\"og:description\" content=\"Immer mehr Indizien belegen: Unsere Ern\u00e4hrung ist mit verantwortlich f\u00fcr das Darmkrebsrisiko. Lebensmittel, die entz\u00fcndungsf\u00f6rdernd sind, k\u00f6nnen es erh\u00f6hen.\" \/>\n<meta property=\"og:url\" content=\"https:\/\/journalmedizin.de\/magen-darm\/darmkrebsrisiko-durch-richtige-ernaehrung-senken\/\" \/>\n<meta property=\"og:site_name\" content=\"Journal Magen-Darm\" \/>\n<meta property=\"article:published_time\" content=\"2020-02-10T05:00:53+00:00\" \/>\n<meta property=\"article:modified_time\" content=\"2020-05-12T08:32:04+00:00\" \/>\n<meta property=\"og:image\" content=\"https:\/\/journalmedizin.de\/magen-darm\/wp-content\/uploads\/sites\/3\/2017\/04\/Fotolia_21313754_XSKopie.jpg\" \/>\n\t<meta property=\"og:image:width\" content=\"424\" \/>\n\t<meta property=\"og:image:height\" content=\"283\" \/>\n\t<meta property=\"og:image:type\" content=\"image\/jpeg\" \/>\n<meta name=\"author\" content=\"Birgit Frohn\" \/>\n<meta name=\"twitter:card\" content=\"summary_large_image\" \/>\n<meta name=\"twitter:label1\" content=\"Verfasst von\" \/>\n\t<meta name=\"twitter:data1\" content=\"Birgit Frohn\" \/>\n\t<meta name=\"twitter:label2\" content=\"Gesch\u00e4tzte Lesezeit\" \/>\n\t<meta name=\"twitter:data2\" content=\"2\u00a0Minuten\" \/>\n<script type=\"application\/ld+json\" class=\"yoast-schema-graph\">{\"@context\":\"https:\/\/schema.org\",\"@graph\":[{\"@type\":\"WebPage\",\"@id\":\"https:\/\/journalmedizin.de\/magen-darm\/darmkrebsrisiko-durch-richtige-ernaehrung-senken\/\",\"url\":\"https:\/\/journalmedizin.de\/magen-darm\/darmkrebsrisiko-durch-richtige-ernaehrung-senken\/\",\"name\":\"Darmkrebsrisiko durch richtige Ern\u00e4hrung senken - Journal Magen-Darm\",\"isPartOf\":{\"@id\":\"https:\/\/journalmedizin.de\/magen-darm\/#website\"},\"datePublished\":\"2020-02-10T05:00:53+00:00\",\"dateModified\":\"2020-05-12T08:32:04+00:00\",\"author\":{\"@id\":\"https:\/\/journalmedizin.de\/magen-darm\/#\/schema\/person\/75e6c9710d5ae5e48c6561af96f03df2\"},\"description\":\"Immer mehr Indizien belegen: Unsere Ern\u00e4hrung ist mit verantwortlich f\u00fcr das Darmkrebsrisiko. Lebensmittel, die entz\u00fcndungsf\u00f6rdernd sind, k\u00f6nnen es erh\u00f6hen.\",\"breadcrumb\":{\"@id\":\"https:\/\/journalmedizin.de\/magen-darm\/darmkrebsrisiko-durch-richtige-ernaehrung-senken\/#breadcrumb\"},\"inLanguage\":\"de\",\"potentialAction\":[{\"@type\":\"ReadAction\",\"target\":[\"https:\/\/journalmedizin.de\/magen-darm\/darmkrebsrisiko-durch-richtige-ernaehrung-senken\/\"]}]},{\"@type\":\"BreadcrumbList\",\"@id\":\"https:\/\/journalmedizin.de\/magen-darm\/darmkrebsrisiko-durch-richtige-ernaehrung-senken\/#breadcrumb\",\"itemListElement\":[{\"@type\":\"ListItem\",\"position\":1,\"name\":\"Startseite\",\"item\":\"https:\/\/journalmedizin.de\/magen-darm\/\"},{\"@type\":\"ListItem\",\"position\":2,\"name\":\"Darmkrebsrisiko durch richtige Ern\u00e4hrung senken\"}]},{\"@type\":\"WebSite\",\"@id\":\"https:\/\/journalmedizin.de\/magen-darm\/#website\",\"url\":\"https:\/\/journalmedizin.de\/magen-darm\/\",\"name\":\"Journal Magen-Darm\",\"description\":\"Eine Themenseite von Journal Medizin\",\"potentialAction\":[{\"@type\":\"SearchAction\",\"target\":{\"@type\":\"EntryPoint\",\"urlTemplate\":\"https:\/\/journalmedizin.de\/magen-darm\/?s={search_term_string}\"},\"query-input\":\"required name=search_term_string\"}],\"inLanguage\":\"de\"},{\"@type\":\"Person\",\"@id\":\"https:\/\/journalmedizin.de\/magen-darm\/#\/schema\/person\/75e6c9710d5ae5e48c6561af96f03df2\",\"name\":\"Birgit Frohn\",\"image\":{\"@type\":\"ImageObject\",\"inLanguage\":\"de\",\"@id\":\"https:\/\/journalmedizin.de\/magen-darm\/#\/schema\/person\/image\/\",\"url\":\"https:\/\/secure.gravatar.com\/avatar\/e2399d389fb9c69c0a6b850c3f34de5f?s=96&d=mm&r=g\",\"contentUrl\":\"https:\/\/secure.gravatar.com\/avatar\/e2399d389fb9c69c0a6b850c3f34de5f?s=96&d=mm&r=g\",\"caption\":\"Birgit Frohn\"},\"sameAs\":[\"http:\/\/JournalMedizin.de\"],\"url\":\"https:\/\/journalmedizin.de\/magen-darm\/author\/frohn\/\"}]}<\/script>\n<!-- \/ Yoast SEO plugin. -->","yoast_head_json":{"title":"Darmkrebsrisiko durch richtige Ern\u00e4hrung senken - Journal Magen-Darm","description":"Immer mehr Indizien belegen: Unsere Ern\u00e4hrung ist mit verantwortlich f\u00fcr das Darmkrebsrisiko. Lebensmittel, die entz\u00fcndungsf\u00f6rdernd sind, k\u00f6nnen es erh\u00f6hen.","robots":{"index":"index","follow":"follow","max-snippet":"max-snippet:-1","max-image-preview":"max-image-preview:large","max-video-preview":"max-video-preview:-1"},"canonical":"https:\/\/journalmedizin.de\/magen-darm\/darmkrebsrisiko-durch-richtige-ernaehrung-senken\/","og_locale":"de_DE","og_type":"article","og_title":"Darmkrebsrisiko durch richtige Ern\u00e4hrung senken - Journal Magen-Darm","og_description":"Immer mehr Indizien belegen: Unsere Ern\u00e4hrung ist mit verantwortlich f\u00fcr das Darmkrebsrisiko. Lebensmittel, die entz\u00fcndungsf\u00f6rdernd sind, k\u00f6nnen es erh\u00f6hen.","og_url":"https:\/\/journalmedizin.de\/magen-darm\/darmkrebsrisiko-durch-richtige-ernaehrung-senken\/","og_site_name":"Journal Magen-Darm","article_published_time":"2020-02-10T05:00:53+00:00","article_modified_time":"2020-05-12T08:32:04+00:00","og_image":[{"width":424,"height":283,"url":"https:\/\/journalmedizin.de\/magen-darm\/wp-content\/uploads\/sites\/3\/2017\/04\/Fotolia_21313754_XSKopie.jpg","type":"image\/jpeg"}],"author":"Birgit Frohn","twitter_card":"summary_large_image","twitter_misc":{"Verfasst von":"Birgit Frohn","Gesch\u00e4tzte Lesezeit":"2\u00a0Minuten"},"schema":{"@context":"https:\/\/schema.org","@graph":[{"@type":"WebPage","@id":"https:\/\/journalmedizin.de\/magen-darm\/darmkrebsrisiko-durch-richtige-ernaehrung-senken\/","url":"https:\/\/journalmedizin.de\/magen-darm\/darmkrebsrisiko-durch-richtige-ernaehrung-senken\/","name":"Darmkrebsrisiko durch richtige Ern\u00e4hrung senken - Journal Magen-Darm","isPartOf":{"@id":"https:\/\/journalmedizin.de\/magen-darm\/#website"},"datePublished":"2020-02-10T05:00:53+00:00","dateModified":"2020-05-12T08:32:04+00:00","author":{"@id":"https:\/\/journalmedizin.de\/magen-darm\/#\/schema\/person\/75e6c9710d5ae5e48c6561af96f03df2"},"description":"Immer mehr Indizien belegen: Unsere Ern\u00e4hrung ist mit verantwortlich f\u00fcr das Darmkrebsrisiko. Lebensmittel, die entz\u00fcndungsf\u00f6rdernd sind, k\u00f6nnen es erh\u00f6hen.","breadcrumb":{"@id":"https:\/\/journalmedizin.de\/magen-darm\/darmkrebsrisiko-durch-richtige-ernaehrung-senken\/#breadcrumb"},"inLanguage":"de","potentialAction":[{"@type":"ReadAction","target":["https:\/\/journalmedizin.de\/magen-darm\/darmkrebsrisiko-durch-richtige-ernaehrung-senken\/"]}]},{"@type":"BreadcrumbList","@id":"https:\/\/journalmedizin.de\/magen-darm\/darmkrebsrisiko-durch-richtige-ernaehrung-senken\/#breadcrumb","itemListElement":[{"@type":"ListItem","position":1,"name":"Startseite","item":"https:\/\/journalmedizin.de\/magen-darm\/"},{"@type":"ListItem","position":2,"name":"Darmkrebsrisiko durch richtige Ern\u00e4hrung senken"}]},{"@type":"WebSite","@id":"https:\/\/journalmedizin.de\/magen-darm\/#website","url":"https:\/\/journalmedizin.de\/magen-darm\/","name":"Journal Magen-Darm","description":"Eine Themenseite von Journal Medizin","potentialAction":[{"@type":"SearchAction","target":{"@type":"EntryPoint","urlTemplate":"https:\/\/journalmedizin.de\/magen-darm\/?s={search_term_string}"},"query-input":"required name=search_term_string"}],"inLanguage":"de"},{"@type":"Person","@id":"https:\/\/journalmedizin.de\/magen-darm\/#\/schema\/person\/75e6c9710d5ae5e48c6561af96f03df2","name":"Birgit Frohn","image":{"@type":"ImageObject","inLanguage":"de","@id":"https:\/\/journalmedizin.de\/magen-darm\/#\/schema\/person\/image\/","url":"https:\/\/secure.gravatar.com\/avatar\/e2399d389fb9c69c0a6b850c3f34de5f?s=96&d=mm&r=g","contentUrl":"https:\/\/secure.gravatar.com\/avatar\/e2399d389fb9c69c0a6b850c3f34de5f?s=96&d=mm&r=g","caption":"Birgit Frohn"},"sameAs":["http:\/\/JournalMedizin.de"],"url":"https:\/\/journalmedizin.de\/magen-darm\/author\/frohn\/"}]}},"_links":{"self":[{"href":"https:\/\/journalmedizin.de\/magen-darm\/wp-json\/wp\/v2\/posts\/2757"}],"collection":[{"href":"https:\/\/journalmedizin.de\/magen-darm\/wp-json\/wp\/v2\/posts"}],"about":[{"href":"https:\/\/journalmedizin.de\/magen-darm\/wp-json\/wp\/v2\/types\/post"}],"author":[{"embeddable":true,"href":"https:\/\/journalmedizin.de\/magen-darm\/wp-json\/wp\/v2\/users\/4"}],"replies":[{"embeddable":true,"href":"https:\/\/journalmedizin.de\/magen-darm\/wp-json\/wp\/v2\/comments?post=2757"}],"version-history":[{"count":18,"href":"https:\/\/journalmedizin.de\/magen-darm\/wp-json\/wp\/v2\/posts\/2757\/revisions"}],"predecessor-version":[{"id":4867,"href":"https:\/\/journalmedizin.de\/magen-darm\/wp-json\/wp\/v2\/posts\/2757\/revisions\/4867"}],"wp:featuredmedia":[{"embeddable":true,"href":"https:\/\/journalmedizin.de\/magen-darm\/wp-json\/wp\/v2\/media\/126"}],"wp:attachment":[{"href":"https:\/\/journalmedizin.de\/magen-darm\/wp-json\/wp\/v2\/media?parent=2757"}],"wp:term":[{"taxonomy":"category","embeddable":true,"href":"https:\/\/journalmedizin.de\/magen-darm\/wp-json\/wp\/v2\/categories?post=2757"},{"taxonomy":"post_tag","embeddable":true,"href":"https:\/\/journalmedizin.de\/magen-darm\/wp-json\/wp\/v2\/tags?post=2757"}],"curies":[{"name":"wp","href":"https:\/\/api.w.org\/{rel}","templated":true}]}}