{"id":4299,"date":"2025-02-14T06:00:28","date_gmt":"2025-02-14T05:00:28","guid":{"rendered":"http:\/\/journalmedizin.de\/magen-darm\/?p=4299"},"modified":"2025-02-12T19:11:45","modified_gmt":"2025-02-12T18:11:45","slug":"darmkrebs-junge-sind-neue-risikogruppe","status":"publish","type":"post","link":"https:\/\/journalmedizin.de\/magen-darm\/darmkrebs-junge-sind-neue-risikogruppe\/","title":{"rendered":"Darmkrebs: Junge sind neue Risikogruppe"},"content":{"rendered":"<p><strong>An Darmkrebs erkranken immer mehr Junge: bei den 20- bis 29-J\u00e4hrigen hat sich die H\u00e4ufigkeit innerhalb eines Jahrzehnts fast verdreifacht.<\/strong><\/p>\n<p><img decoding=\"async\" loading=\"lazy\" class=\"wp-image-1239 size-medium alignleft\" src=\"https:\/\/journalmedizin.de\/magen-darm\/wp-content\/uploads\/sites\/3\/2017\/07\/Fotolia_27802126_XSKopie-300x200.jpg\" alt=\"Junge erkranken immer h\u00e4ufiger an Darmkrebs.\" width=\"424\" height=\"283\" srcset=\"https:\/\/journalmedizin.de\/magen-darm\/wp-content\/uploads\/sites\/3\/2017\/07\/Fotolia_27802126_XSKopie-300x200.jpg 300w, https:\/\/journalmedizin.de\/magen-darm\/wp-content\/uploads\/sites\/3\/2017\/07\/Fotolia_27802126_XSKopie-150x100.jpg 150w, https:\/\/journalmedizin.de\/magen-darm\/wp-content\/uploads\/sites\/3\/2017\/07\/Fotolia_27802126_XSKopie.jpg 424w\" sizes=\"(max-width: 424px) 100vw, 424px\" \/><\/p>\n<p>Darmkrebs ist nach <a href=\"https:\/\/journalmedizin.de\/magen-darm\/verdauungsbeschwerden-ignorierte-volkskrankheiten\/\" target=\"_blank\" rel=\"noopener\">Brustkrebs<\/a> die h\u00e4ufigste Krebserkrankung. Pro Jahr werden solche Tumore bundesweit bei mehr als 60.000 Menschen neu diagnostiziert. J\u00e4hrlich sterben mehr als 25.000 Patienten an der Krankheit. Hauptrisikofaktor f\u00fcr die Erkrankung ist das Alter: Mehr als die H\u00e4lfte der Erstdiagnosen traf Menschen \u00fcber 70 Jahre, nur etwa 10 Prozent der Krebserkrankungen traten vor dem 55. Lebensjahr auf.<\/p>\n<p>Dieses Szenario \u00e4ndert sich derzeit jedoch drastisch. Denn die H\u00e4ufigkeit von <a href=\"https:\/\/journalmedizin.de\/magen-darm\/kaffee-kann-vor-darmkrebs-schuetzen\/\" target=\"_blank\" rel=\"noopener\">Darmkrebs<\/a> geht bei der \u00e4lteren Bev\u00f6lkerung in den letzten Jahren zur\u00fcck, wie die Zahlen des deutschen Krebsregisters zeigen. Seit 2003 sinkt die j\u00e4hrliche Rate der Neuerkrankungen in der Altersgruppe ab 50 Jahren deutlich.<\/p>\n<h2>Junge in Industriel\u00e4ndern weltweit betroffen<\/h2>\n<p>In einer aktuellen Studie analysierte ein Team von Gastroenterologen der Uniklinik Rotterdam die Daten von knapp 144 Millionen Menschen im Alter von 20 bis 49 Jahren aus 20 europ\u00e4ischen L\u00e4ndern; darunter auch Deutschland. Fazit: die H\u00e4ufigkeit der Darmkrebsf\u00e4lle stieg bei den 20- bis 29-J\u00e4hrigen zwischen 1990 und 2016 auf fast das Dreifache an. Gerade im letzten Jahrzehnt beschleunigte sich die Zunahme deutlich. Die gilt auch f\u00fcr Junge in Industriel\u00e4ndern au\u00dferhalb Europas. So etwa in Norwegen, Australien, Neuseeland sowie in den USA und Kanada. Auch hier stiegen die Fallzahlen unter jungen Erwachsenen, am deutlichsten bei Menschen zwischen 20 und 29 Jahren.<\/p>\n<h2>Warum immer mehr Junge?<\/h2>\n<p>Woran es liegt, dass Darmkrebs nun h\u00e4ufiger Junge trifft, ist noch unklar. Als m\u00f6gliche Ursache daf\u00fcr vermuten Experten derzeit ver\u00e4nderte Lebensgewohnheiten. Denn \u00dcbergewicht, schlechte Ern\u00e4hrung, mangelnde Bewegung, <a href=\"https:\/\/journalmedizin.de\/magen-darm\/chronische-darmentzuendungen-was-sie-foerdert-oder-verhindert\/\" target=\"_blank\" rel=\"noopener\">Rauchen<\/a> und hoher Alkoholkonsum sind die klassischen Risikofaktoren f\u00fcr Darmkrebs. Dass \u00dcbergewicht und <a href=\"https:\/\/journalmedizin.de\/magen-darm\/der-magen-beeinflusst-das-darmmikrobiom\/\" target=\"_blank\" rel=\"noopener\">Fettleibigkeit<\/a> bei jungen Menschen immer h\u00e4ufiger werden, ist belegt. Zugleich kann es sein, dass heute mehr F\u00e4lle von Darmkrebs entdeckt werden, die fr\u00fcher unerkannt blieben. Schlie\u00dflich hat der h\u00e4ufigere Einsatz von Darmspiegelungen zu einer h\u00f6heren Erkennungsrate gef\u00fchrt.<\/p>\n<p>Angesichts der Verschiebungen in den Altersgruppen sollen k\u00fcnftig besonders gef\u00e4hrdete junge Menschen identifiziert werden, bei denen schon eine fr\u00fche Vorsorgeuntersuchung sinnvoll ist. Zudem muss bei den Jungen ein besseres Bewusstsein f\u00fcr <a href=\"https:\/\/journalmedizin.de\/magen-darm\/krebs-op-unbedingt-in-die-richtige-klinik\/\" target=\"_blank\" rel=\"noopener\">Darmkrebs<\/a> geschaffen werden.<\/p>\n<h6>*Spaander M. C. et al. Increasing incidence of colorectal cancer in young adults in Europe over the last 25 years. <a href=\"http:\/\/dx.doi.org\/10.1136\/gutjnl-2018-317592\">http:\/\/dx.doi.org\/10.1136\/gutjnl-2018-317592<\/a><\/h6>\n<h6 style=\"text-align: right;\">Foto: \u00a9 LuckyImages \/<a href=\"http:\/\/www.fotolia.com\"> fotolia.com<\/a><\/h6>\n","protected":false},"excerpt":{"rendered":"<p>An Darmkrebs erkranken immer mehr Junge: bei den 20- bis 29-J\u00e4hrigen hat sich die H\u00e4ufigkeit innerhalb eines Jahrzehnts fast verdreifacht. \u2026 <a class=\"continue-reading-link\" href=\"https:\/\/journalmedizin.de\/magen-darm\/darmkrebs-junge-sind-neue-risikogruppe\/\">Weiterlesen <span class=\"meta-nav\">&rarr; <\/span><\/a><\/p>\n","protected":false},"author":4,"featured_media":1239,"comment_status":"closed","ping_status":"open","sticky":false,"template":"","format":"standard","meta":[],"categories":[1],"tags":[1799,960,1796,239,540,36,1800,1315,1792,63,1587,1791,1787,1794,321,1790,1798,1797,1795,512,1788,1789,143,1793,1801],"yoast_head":"<!-- This site is optimized with the Yoast SEO plugin v19.14 - https:\/\/yoast.com\/wordpress\/plugins\/seo\/ -->\n<title>Darmkrebs: Junge sind neue Risikogruppe - Journal Magen-Darm<\/title>\n<meta name=\"description\" content=\"An Darmkrebs erkranken immer mehr Junge: bei den 20- bis 29-J\u00e4hrigen hat sich die H\u00e4ufigkeit innerhalb eines Jahrzehnts fast verdreifacht.\" \/>\n<meta name=\"robots\" content=\"index, follow, max-snippet:-1, max-image-preview:large, max-video-preview:-1\" \/>\n<link rel=\"canonical\" href=\"https:\/\/journalmedizin.de\/magen-darm\/darmkrebs-junge-sind-neue-risikogruppe\/\" \/>\n<meta property=\"og:locale\" content=\"de_DE\" \/>\n<meta property=\"og:type\" content=\"article\" \/>\n<meta property=\"og:title\" content=\"Darmkrebs: Junge sind neue Risikogruppe - Journal Magen-Darm\" \/>\n<meta property=\"og:description\" content=\"An Darmkrebs erkranken immer mehr Junge: bei den 20- bis 29-J\u00e4hrigen hat sich die H\u00e4ufigkeit innerhalb eines Jahrzehnts fast verdreifacht.\" \/>\n<meta property=\"og:url\" content=\"https:\/\/journalmedizin.de\/magen-darm\/darmkrebs-junge-sind-neue-risikogruppe\/\" \/>\n<meta property=\"og:site_name\" content=\"Journal Magen-Darm\" \/>\n<meta property=\"article:published_time\" content=\"2025-02-14T05:00:28+00:00\" \/>\n<meta property=\"article:modified_time\" content=\"2025-02-12T18:11:45+00:00\" \/>\n<meta property=\"og:image\" content=\"https:\/\/journalmedizin.de\/magen-darm\/wp-content\/uploads\/sites\/3\/2017\/07\/Fotolia_27802126_XSKopie.jpg\" \/>\n\t<meta property=\"og:image:width\" content=\"424\" \/>\n\t<meta property=\"og:image:height\" content=\"283\" \/>\n\t<meta property=\"og:image:type\" content=\"image\/jpeg\" \/>\n<meta name=\"author\" content=\"Birgit Frohn\" \/>\n<meta name=\"twitter:card\" content=\"summary_large_image\" \/>\n<meta name=\"twitter:label1\" content=\"Verfasst von\" \/>\n\t<meta name=\"twitter:data1\" content=\"Birgit Frohn\" \/>\n\t<meta name=\"twitter:label2\" content=\"Gesch\u00e4tzte Lesezeit\" \/>\n\t<meta name=\"twitter:data2\" content=\"3\u00a0Minuten\" \/>\n<script type=\"application\/ld+json\" class=\"yoast-schema-graph\">{\"@context\":\"https:\/\/schema.org\",\"@graph\":[{\"@type\":\"WebPage\",\"@id\":\"https:\/\/journalmedizin.de\/magen-darm\/darmkrebs-junge-sind-neue-risikogruppe\/\",\"url\":\"https:\/\/journalmedizin.de\/magen-darm\/darmkrebs-junge-sind-neue-risikogruppe\/\",\"name\":\"Darmkrebs: Junge sind neue Risikogruppe - Journal Magen-Darm\",\"isPartOf\":{\"@id\":\"https:\/\/journalmedizin.de\/magen-darm\/#website\"},\"datePublished\":\"2025-02-14T05:00:28+00:00\",\"dateModified\":\"2025-02-12T18:11:45+00:00\",\"author\":{\"@id\":\"https:\/\/journalmedizin.de\/magen-darm\/#\/schema\/person\/75e6c9710d5ae5e48c6561af96f03df2\"},\"description\":\"An Darmkrebs erkranken immer mehr Junge: bei den 20- bis 29-J\u00e4hrigen hat sich die H\u00e4ufigkeit innerhalb eines Jahrzehnts fast verdreifacht.\",\"breadcrumb\":{\"@id\":\"https:\/\/journalmedizin.de\/magen-darm\/darmkrebs-junge-sind-neue-risikogruppe\/#breadcrumb\"},\"inLanguage\":\"de\",\"potentialAction\":[{\"@type\":\"ReadAction\",\"target\":[\"https:\/\/journalmedizin.de\/magen-darm\/darmkrebs-junge-sind-neue-risikogruppe\/\"]}]},{\"@type\":\"BreadcrumbList\",\"@id\":\"https:\/\/journalmedizin.de\/magen-darm\/darmkrebs-junge-sind-neue-risikogruppe\/#breadcrumb\",\"itemListElement\":[{\"@type\":\"ListItem\",\"position\":1,\"name\":\"Startseite\",\"item\":\"https:\/\/journalmedizin.de\/magen-darm\/\"},{\"@type\":\"ListItem\",\"position\":2,\"name\":\"Darmkrebs: Junge sind neue Risikogruppe\"}]},{\"@type\":\"WebSite\",\"@id\":\"https:\/\/journalmedizin.de\/magen-darm\/#website\",\"url\":\"https:\/\/journalmedizin.de\/magen-darm\/\",\"name\":\"Journal Magen-Darm\",\"description\":\"Eine Themenseite von Journal Medizin\",\"potentialAction\":[{\"@type\":\"SearchAction\",\"target\":{\"@type\":\"EntryPoint\",\"urlTemplate\":\"https:\/\/journalmedizin.de\/magen-darm\/?s={search_term_string}\"},\"query-input\":\"required name=search_term_string\"}],\"inLanguage\":\"de\"},{\"@type\":\"Person\",\"@id\":\"https:\/\/journalmedizin.de\/magen-darm\/#\/schema\/person\/75e6c9710d5ae5e48c6561af96f03df2\",\"name\":\"Birgit Frohn\",\"image\":{\"@type\":\"ImageObject\",\"inLanguage\":\"de\",\"@id\":\"https:\/\/journalmedizin.de\/magen-darm\/#\/schema\/person\/image\/\",\"url\":\"https:\/\/secure.gravatar.com\/avatar\/e2399d389fb9c69c0a6b850c3f34de5f?s=96&d=mm&r=g\",\"contentUrl\":\"https:\/\/secure.gravatar.com\/avatar\/e2399d389fb9c69c0a6b850c3f34de5f?s=96&d=mm&r=g\",\"caption\":\"Birgit Frohn\"},\"sameAs\":[\"http:\/\/JournalMedizin.de\"],\"url\":\"https:\/\/journalmedizin.de\/magen-darm\/author\/frohn\/\"}]}<\/script>\n<!-- \/ Yoast SEO plugin. -->","yoast_head_json":{"title":"Darmkrebs: Junge sind neue Risikogruppe - Journal Magen-Darm","description":"An Darmkrebs erkranken immer mehr Junge: bei den 20- bis 29-J\u00e4hrigen hat sich die H\u00e4ufigkeit innerhalb eines Jahrzehnts fast verdreifacht.","robots":{"index":"index","follow":"follow","max-snippet":"max-snippet:-1","max-image-preview":"max-image-preview:large","max-video-preview":"max-video-preview:-1"},"canonical":"https:\/\/journalmedizin.de\/magen-darm\/darmkrebs-junge-sind-neue-risikogruppe\/","og_locale":"de_DE","og_type":"article","og_title":"Darmkrebs: Junge sind neue Risikogruppe - Journal Magen-Darm","og_description":"An Darmkrebs erkranken immer mehr Junge: bei den 20- bis 29-J\u00e4hrigen hat sich die H\u00e4ufigkeit innerhalb eines Jahrzehnts fast verdreifacht.","og_url":"https:\/\/journalmedizin.de\/magen-darm\/darmkrebs-junge-sind-neue-risikogruppe\/","og_site_name":"Journal Magen-Darm","article_published_time":"2025-02-14T05:00:28+00:00","article_modified_time":"2025-02-12T18:11:45+00:00","og_image":[{"width":424,"height":283,"url":"https:\/\/journalmedizin.de\/magen-darm\/wp-content\/uploads\/sites\/3\/2017\/07\/Fotolia_27802126_XSKopie.jpg","type":"image\/jpeg"}],"author":"Birgit Frohn","twitter_card":"summary_large_image","twitter_misc":{"Verfasst von":"Birgit Frohn","Gesch\u00e4tzte Lesezeit":"3\u00a0Minuten"},"schema":{"@context":"https:\/\/schema.org","@graph":[{"@type":"WebPage","@id":"https:\/\/journalmedizin.de\/magen-darm\/darmkrebs-junge-sind-neue-risikogruppe\/","url":"https:\/\/journalmedizin.de\/magen-darm\/darmkrebs-junge-sind-neue-risikogruppe\/","name":"Darmkrebs: Junge sind neue Risikogruppe - Journal Magen-Darm","isPartOf":{"@id":"https:\/\/journalmedizin.de\/magen-darm\/#website"},"datePublished":"2025-02-14T05:00:28+00:00","dateModified":"2025-02-12T18:11:45+00:00","author":{"@id":"https:\/\/journalmedizin.de\/magen-darm\/#\/schema\/person\/75e6c9710d5ae5e48c6561af96f03df2"},"description":"An Darmkrebs erkranken immer mehr Junge: bei den 20- bis 29-J\u00e4hrigen hat sich die H\u00e4ufigkeit innerhalb eines Jahrzehnts fast verdreifacht.","breadcrumb":{"@id":"https:\/\/journalmedizin.de\/magen-darm\/darmkrebs-junge-sind-neue-risikogruppe\/#breadcrumb"},"inLanguage":"de","potentialAction":[{"@type":"ReadAction","target":["https:\/\/journalmedizin.de\/magen-darm\/darmkrebs-junge-sind-neue-risikogruppe\/"]}]},{"@type":"BreadcrumbList","@id":"https:\/\/journalmedizin.de\/magen-darm\/darmkrebs-junge-sind-neue-risikogruppe\/#breadcrumb","itemListElement":[{"@type":"ListItem","position":1,"name":"Startseite","item":"https:\/\/journalmedizin.de\/magen-darm\/"},{"@type":"ListItem","position":2,"name":"Darmkrebs: Junge sind neue Risikogruppe"}]},{"@type":"WebSite","@id":"https:\/\/journalmedizin.de\/magen-darm\/#website","url":"https:\/\/journalmedizin.de\/magen-darm\/","name":"Journal Magen-Darm","description":"Eine Themenseite von Journal Medizin","potentialAction":[{"@type":"SearchAction","target":{"@type":"EntryPoint","urlTemplate":"https:\/\/journalmedizin.de\/magen-darm\/?s={search_term_string}"},"query-input":"required name=search_term_string"}],"inLanguage":"de"},{"@type":"Person","@id":"https:\/\/journalmedizin.de\/magen-darm\/#\/schema\/person\/75e6c9710d5ae5e48c6561af96f03df2","name":"Birgit Frohn","image":{"@type":"ImageObject","inLanguage":"de","@id":"https:\/\/journalmedizin.de\/magen-darm\/#\/schema\/person\/image\/","url":"https:\/\/secure.gravatar.com\/avatar\/e2399d389fb9c69c0a6b850c3f34de5f?s=96&d=mm&r=g","contentUrl":"https:\/\/secure.gravatar.com\/avatar\/e2399d389fb9c69c0a6b850c3f34de5f?s=96&d=mm&r=g","caption":"Birgit Frohn"},"sameAs":["http:\/\/JournalMedizin.de"],"url":"https:\/\/journalmedizin.de\/magen-darm\/author\/frohn\/"}]}},"_links":{"self":[{"href":"https:\/\/journalmedizin.de\/magen-darm\/wp-json\/wp\/v2\/posts\/4299"}],"collection":[{"href":"https:\/\/journalmedizin.de\/magen-darm\/wp-json\/wp\/v2\/posts"}],"about":[{"href":"https:\/\/journalmedizin.de\/magen-darm\/wp-json\/wp\/v2\/types\/post"}],"author":[{"embeddable":true,"href":"https:\/\/journalmedizin.de\/magen-darm\/wp-json\/wp\/v2\/users\/4"}],"replies":[{"embeddable":true,"href":"https:\/\/journalmedizin.de\/magen-darm\/wp-json\/wp\/v2\/comments?post=4299"}],"version-history":[{"count":9,"href":"https:\/\/journalmedizin.de\/magen-darm\/wp-json\/wp\/v2\/posts\/4299\/revisions"}],"predecessor-version":[{"id":4545,"href":"https:\/\/journalmedizin.de\/magen-darm\/wp-json\/wp\/v2\/posts\/4299\/revisions\/4545"}],"wp:featuredmedia":[{"embeddable":true,"href":"https:\/\/journalmedizin.de\/magen-darm\/wp-json\/wp\/v2\/media\/1239"}],"wp:attachment":[{"href":"https:\/\/journalmedizin.de\/magen-darm\/wp-json\/wp\/v2\/media?parent=4299"}],"wp:term":[{"taxonomy":"category","embeddable":true,"href":"https:\/\/journalmedizin.de\/magen-darm\/wp-json\/wp\/v2\/categories?post=4299"},{"taxonomy":"post_tag","embeddable":true,"href":"https:\/\/journalmedizin.de\/magen-darm\/wp-json\/wp\/v2\/tags?post=4299"}],"curies":[{"name":"wp","href":"https:\/\/api.w.org\/{rel}","templated":true}]}}