{"id":4612,"date":"2020-01-20T18:45:41","date_gmt":"2020-01-20T17:45:41","guid":{"rendered":"http:\/\/journalmedizin.de\/magen-darm\/?p=4612"},"modified":"2020-03-24T17:37:21","modified_gmt":"2020-03-24T16:37:21","slug":"morbus-crohn-auch-an-haut-und-gelenken","status":"publish","type":"post","link":"https:\/\/journalmedizin.de\/magen-darm\/morbus-crohn-auch-an-haut-und-gelenken\/","title":{"rendered":"Morbus Crohn auch an Haut und Gelenken"},"content":{"rendered":"<p><strong>Morbus Crohn kann auch oft K\u00f6rperstellen au\u00dferhalb des Darms betreffen. Besonders h\u00e4ufig ist das an Haut und Gelenken der Fall. <\/strong><\/p>\n<p><img decoding=\"async\" loading=\"lazy\" class=\"wp-image-4614 size-medium alignleft\" src=\"https:\/\/journalmedizin.de\/magen-darm\/wp-content\/uploads\/sites\/3\/2020\/01\/Umleitung-300x200.jpg\" alt=\"Haut und Gelenke k\u00f6nnen auch von Morbus Crohn betroffen sein.\" width=\"424\" height=\"283\" srcset=\"https:\/\/journalmedizin.de\/magen-darm\/wp-content\/uploads\/sites\/3\/2020\/01\/Umleitung-300x200.jpg 300w, https:\/\/journalmedizin.de\/magen-darm\/wp-content\/uploads\/sites\/3\/2020\/01\/Umleitung-150x100.jpg 150w, https:\/\/journalmedizin.de\/magen-darm\/wp-content\/uploads\/sites\/3\/2020\/01\/Umleitung.jpg 424w\" sizes=\"(max-width: 424px) 100vw, 424px\" \/><\/p>\n<p>Nicht selten beschr\u00e4nkt sich Morbus Crohn nicht nur auf den Darm, sondern betrifft auch andere K\u00f6rperstellen\u00a0\u2013 was extraintestinale Manifestationen genannt wird. Diese gehen h\u00e4ufig mit einem schwereren Verlauf der chronisch-entz\u00fcndlichen Darmerkrankung einher.\u00a0Wissenschaftler aus Frankreich haben nun untersucht, wo die extraintestinale Manifestationen am h\u00e4ufigsten sind und ob das Erkrankungsalter einen Einfluss hat. Dazu sammelten sie Daten von Morbus Crohn-Patienten, die schon vor dem 17. Lebensjahr oder erst nach dem 59. Lebensjahr erkrankten.<\/p>\n<h2>Haut und Gelenke am h\u00e4ufigsten betroffen<\/h2>\n<p>Am h\u00e4ufigsten von den extraintestinalen Manifestationen betroffen waren die <a href=\"https:\/\/journalmedizin.de\/magen-darm\/mit-muesli-gegen-arthritis\/\" target=\"_blank\" rel=\"noopener\">Gelenke<\/a> und die Haut. Dies traf sowohl bereits bei der Diagnose als auch im Krankheitsverlauf zu. N\u00e4chstes interessantes Ergebnis dieser Studie*:\u00a0Patienten, die bereits in jungen Jahren die Diagnose <a href=\"https:\/\/journalmedizin.de\/magen-darm\/morbus-crohn-getraenke-beeinflussen-das-risiko\/\" target=\"_blank\" rel=\"noopener\">Morbus Crohn<\/a> bekamen, litten h\u00e4ufiger an Krankheitssymptomen au\u00dferhalb des Darms als jene, die erst im h\u00f6heren Alter erkrankten.<\/p>\n<p style=\"text-align: center;\">Dass Morbus Crohn nicht nur im Darm auftritt, war bereits ein Thema auf Journal Magen-Darm. Lesen Sie hier mehr dazu: <a href=\"https:\/\/journalmedizin.de\/magen-darm\/morbus-crohn-nicht_nur_im_darm\/\">https:\/\/journalmedizin.de\/magen-darm\/morbus-crohn-nicht_nur_im_darm\/<\/a><\/p>\n<p><u><a href=\"https:\/\/academic.oup.com\/ibdjournal\/article-abstract\/25\/2\/394\/5063476?redirectedFrom=fulltext\">*Fumery M. et al Impact of Extra-Intestinal Manifestations at Diagnosis on Disease Outcome in Pediatric- and Elderly-Onset Crohn\u2019s Disease: A French Population-Based Study. Inflamm Bowel Dis. 2019 Jan 10;25(2):394-402<\/a><\/u><\/p>\n<h6 style=\"text-align: right;\">Foto: \u00a9 Rainer Sturm \/ <a href=\"http:\/\/www.pixelio.de\">pixelio.de<\/a><\/h6>\n","protected":false},"excerpt":{"rendered":"<p>Morbus Crohn kann auch oft K\u00f6rperstellen au\u00dferhalb des Darms betreffen. Besonders h\u00e4ufig ist das an Haut und Gelenken der Fall. \u2026 <a class=\"continue-reading-link\" href=\"https:\/\/journalmedizin.de\/magen-darm\/morbus-crohn-auch-an-haut-und-gelenken\/\">Weiterlesen <span class=\"meta-nav\">&rarr; <\/span><\/a><\/p>\n","protected":false},"author":4,"featured_media":4614,"comment_status":"closed","ping_status":"open","sticky":false,"template":"","format":"standard","meta":[],"categories":[1],"tags":[111,56,1937,1197,642,167],"yoast_head":"<!-- This site is optimized with the Yoast SEO plugin v19.14 - https:\/\/yoast.com\/wordpress\/plugins\/seo\/ -->\n<title>Morbus Crohn auch an Haut und Gelenken - Journal Magen-Darm<\/title>\n<meta name=\"description\" content=\"Morbus Crohn kann auch oft K\u00f6rperstellen au\u00dferhalb des Darms betreffen. Besonders h\u00e4ufig ist das Haut und Gelenken der Fall.\" \/>\n<meta name=\"robots\" content=\"index, follow, max-snippet:-1, max-image-preview:large, max-video-preview:-1\" \/>\n<link rel=\"canonical\" href=\"https:\/\/journalmedizin.de\/magen-darm\/morbus-crohn-auch-an-haut-und-gelenken\/\" \/>\n<meta property=\"og:locale\" content=\"de_DE\" \/>\n<meta property=\"og:type\" content=\"article\" \/>\n<meta property=\"og:title\" content=\"Morbus Crohn auch an Haut und Gelenken - Journal Magen-Darm\" \/>\n<meta property=\"og:description\" content=\"Morbus Crohn kann auch oft K\u00f6rperstellen au\u00dferhalb des Darms betreffen. Besonders h\u00e4ufig ist das Haut und Gelenken der Fall.\" \/>\n<meta property=\"og:url\" content=\"https:\/\/journalmedizin.de\/magen-darm\/morbus-crohn-auch-an-haut-und-gelenken\/\" \/>\n<meta property=\"og:site_name\" content=\"Journal Magen-Darm\" \/>\n<meta property=\"article:published_time\" content=\"2020-01-20T17:45:41+00:00\" \/>\n<meta property=\"article:modified_time\" content=\"2020-03-24T16:37:21+00:00\" \/>\n<meta property=\"og:image\" content=\"https:\/\/journalmedizin.de\/magen-darm\/wp-content\/uploads\/sites\/3\/2020\/01\/Umleitung.jpg\" \/>\n\t<meta property=\"og:image:width\" content=\"424\" \/>\n\t<meta property=\"og:image:height\" content=\"283\" \/>\n\t<meta property=\"og:image:type\" content=\"image\/jpeg\" \/>\n<meta name=\"author\" content=\"Birgit Frohn\" \/>\n<meta name=\"twitter:card\" content=\"summary_large_image\" \/>\n<meta name=\"twitter:label1\" content=\"Verfasst von\" \/>\n\t<meta name=\"twitter:data1\" content=\"Birgit Frohn\" \/>\n\t<meta name=\"twitter:label2\" content=\"Gesch\u00e4tzte Lesezeit\" \/>\n\t<meta name=\"twitter:data2\" content=\"1\u00a0Minute\" \/>\n<script type=\"application\/ld+json\" class=\"yoast-schema-graph\">{\"@context\":\"https:\/\/schema.org\",\"@graph\":[{\"@type\":\"WebPage\",\"@id\":\"https:\/\/journalmedizin.de\/magen-darm\/morbus-crohn-auch-an-haut-und-gelenken\/\",\"url\":\"https:\/\/journalmedizin.de\/magen-darm\/morbus-crohn-auch-an-haut-und-gelenken\/\",\"name\":\"Morbus Crohn auch an Haut und Gelenken - Journal Magen-Darm\",\"isPartOf\":{\"@id\":\"https:\/\/journalmedizin.de\/magen-darm\/#website\"},\"datePublished\":\"2020-01-20T17:45:41+00:00\",\"dateModified\":\"2020-03-24T16:37:21+00:00\",\"author\":{\"@id\":\"https:\/\/journalmedizin.de\/magen-darm\/#\/schema\/person\/75e6c9710d5ae5e48c6561af96f03df2\"},\"description\":\"Morbus Crohn kann auch oft K\u00f6rperstellen au\u00dferhalb des Darms betreffen. Besonders h\u00e4ufig ist das Haut und Gelenken der Fall.\",\"breadcrumb\":{\"@id\":\"https:\/\/journalmedizin.de\/magen-darm\/morbus-crohn-auch-an-haut-und-gelenken\/#breadcrumb\"},\"inLanguage\":\"de\",\"potentialAction\":[{\"@type\":\"ReadAction\",\"target\":[\"https:\/\/journalmedizin.de\/magen-darm\/morbus-crohn-auch-an-haut-und-gelenken\/\"]}]},{\"@type\":\"BreadcrumbList\",\"@id\":\"https:\/\/journalmedizin.de\/magen-darm\/morbus-crohn-auch-an-haut-und-gelenken\/#breadcrumb\",\"itemListElement\":[{\"@type\":\"ListItem\",\"position\":1,\"name\":\"Startseite\",\"item\":\"https:\/\/journalmedizin.de\/magen-darm\/\"},{\"@type\":\"ListItem\",\"position\":2,\"name\":\"Morbus Crohn auch an Haut und Gelenken\"}]},{\"@type\":\"WebSite\",\"@id\":\"https:\/\/journalmedizin.de\/magen-darm\/#website\",\"url\":\"https:\/\/journalmedizin.de\/magen-darm\/\",\"name\":\"Journal Magen-Darm\",\"description\":\"Eine Themenseite von Journal Medizin\",\"potentialAction\":[{\"@type\":\"SearchAction\",\"target\":{\"@type\":\"EntryPoint\",\"urlTemplate\":\"https:\/\/journalmedizin.de\/magen-darm\/?s={search_term_string}\"},\"query-input\":\"required name=search_term_string\"}],\"inLanguage\":\"de\"},{\"@type\":\"Person\",\"@id\":\"https:\/\/journalmedizin.de\/magen-darm\/#\/schema\/person\/75e6c9710d5ae5e48c6561af96f03df2\",\"name\":\"Birgit Frohn\",\"image\":{\"@type\":\"ImageObject\",\"inLanguage\":\"de\",\"@id\":\"https:\/\/journalmedizin.de\/magen-darm\/#\/schema\/person\/image\/\",\"url\":\"https:\/\/secure.gravatar.com\/avatar\/e2399d389fb9c69c0a6b850c3f34de5f?s=96&d=mm&r=g\",\"contentUrl\":\"https:\/\/secure.gravatar.com\/avatar\/e2399d389fb9c69c0a6b850c3f34de5f?s=96&d=mm&r=g\",\"caption\":\"Birgit Frohn\"},\"sameAs\":[\"http:\/\/JournalMedizin.de\"],\"url\":\"https:\/\/journalmedizin.de\/magen-darm\/author\/frohn\/\"}]}<\/script>\n<!-- \/ Yoast SEO plugin. -->","yoast_head_json":{"title":"Morbus Crohn auch an Haut und Gelenken - Journal Magen-Darm","description":"Morbus Crohn kann auch oft K\u00f6rperstellen au\u00dferhalb des Darms betreffen. Besonders h\u00e4ufig ist das Haut und Gelenken der Fall.","robots":{"index":"index","follow":"follow","max-snippet":"max-snippet:-1","max-image-preview":"max-image-preview:large","max-video-preview":"max-video-preview:-1"},"canonical":"https:\/\/journalmedizin.de\/magen-darm\/morbus-crohn-auch-an-haut-und-gelenken\/","og_locale":"de_DE","og_type":"article","og_title":"Morbus Crohn auch an Haut und Gelenken - Journal Magen-Darm","og_description":"Morbus Crohn kann auch oft K\u00f6rperstellen au\u00dferhalb des Darms betreffen. Besonders h\u00e4ufig ist das Haut und Gelenken der Fall.","og_url":"https:\/\/journalmedizin.de\/magen-darm\/morbus-crohn-auch-an-haut-und-gelenken\/","og_site_name":"Journal Magen-Darm","article_published_time":"2020-01-20T17:45:41+00:00","article_modified_time":"2020-03-24T16:37:21+00:00","og_image":[{"width":424,"height":283,"url":"https:\/\/journalmedizin.de\/magen-darm\/wp-content\/uploads\/sites\/3\/2020\/01\/Umleitung.jpg","type":"image\/jpeg"}],"author":"Birgit Frohn","twitter_card":"summary_large_image","twitter_misc":{"Verfasst von":"Birgit Frohn","Gesch\u00e4tzte Lesezeit":"1\u00a0Minute"},"schema":{"@context":"https:\/\/schema.org","@graph":[{"@type":"WebPage","@id":"https:\/\/journalmedizin.de\/magen-darm\/morbus-crohn-auch-an-haut-und-gelenken\/","url":"https:\/\/journalmedizin.de\/magen-darm\/morbus-crohn-auch-an-haut-und-gelenken\/","name":"Morbus Crohn auch an Haut und Gelenken - Journal Magen-Darm","isPartOf":{"@id":"https:\/\/journalmedizin.de\/magen-darm\/#website"},"datePublished":"2020-01-20T17:45:41+00:00","dateModified":"2020-03-24T16:37:21+00:00","author":{"@id":"https:\/\/journalmedizin.de\/magen-darm\/#\/schema\/person\/75e6c9710d5ae5e48c6561af96f03df2"},"description":"Morbus Crohn kann auch oft K\u00f6rperstellen au\u00dferhalb des Darms betreffen. Besonders h\u00e4ufig ist das Haut und Gelenken der Fall.","breadcrumb":{"@id":"https:\/\/journalmedizin.de\/magen-darm\/morbus-crohn-auch-an-haut-und-gelenken\/#breadcrumb"},"inLanguage":"de","potentialAction":[{"@type":"ReadAction","target":["https:\/\/journalmedizin.de\/magen-darm\/morbus-crohn-auch-an-haut-und-gelenken\/"]}]},{"@type":"BreadcrumbList","@id":"https:\/\/journalmedizin.de\/magen-darm\/morbus-crohn-auch-an-haut-und-gelenken\/#breadcrumb","itemListElement":[{"@type":"ListItem","position":1,"name":"Startseite","item":"https:\/\/journalmedizin.de\/magen-darm\/"},{"@type":"ListItem","position":2,"name":"Morbus Crohn auch an Haut und Gelenken"}]},{"@type":"WebSite","@id":"https:\/\/journalmedizin.de\/magen-darm\/#website","url":"https:\/\/journalmedizin.de\/magen-darm\/","name":"Journal Magen-Darm","description":"Eine Themenseite von Journal Medizin","potentialAction":[{"@type":"SearchAction","target":{"@type":"EntryPoint","urlTemplate":"https:\/\/journalmedizin.de\/magen-darm\/?s={search_term_string}"},"query-input":"required name=search_term_string"}],"inLanguage":"de"},{"@type":"Person","@id":"https:\/\/journalmedizin.de\/magen-darm\/#\/schema\/person\/75e6c9710d5ae5e48c6561af96f03df2","name":"Birgit Frohn","image":{"@type":"ImageObject","inLanguage":"de","@id":"https:\/\/journalmedizin.de\/magen-darm\/#\/schema\/person\/image\/","url":"https:\/\/secure.gravatar.com\/avatar\/e2399d389fb9c69c0a6b850c3f34de5f?s=96&d=mm&r=g","contentUrl":"https:\/\/secure.gravatar.com\/avatar\/e2399d389fb9c69c0a6b850c3f34de5f?s=96&d=mm&r=g","caption":"Birgit Frohn"},"sameAs":["http:\/\/JournalMedizin.de"],"url":"https:\/\/journalmedizin.de\/magen-darm\/author\/frohn\/"}]}},"_links":{"self":[{"href":"https:\/\/journalmedizin.de\/magen-darm\/wp-json\/wp\/v2\/posts\/4612"}],"collection":[{"href":"https:\/\/journalmedizin.de\/magen-darm\/wp-json\/wp\/v2\/posts"}],"about":[{"href":"https:\/\/journalmedizin.de\/magen-darm\/wp-json\/wp\/v2\/types\/post"}],"author":[{"embeddable":true,"href":"https:\/\/journalmedizin.de\/magen-darm\/wp-json\/wp\/v2\/users\/4"}],"replies":[{"embeddable":true,"href":"https:\/\/journalmedizin.de\/magen-darm\/wp-json\/wp\/v2\/comments?post=4612"}],"version-history":[{"count":5,"href":"https:\/\/journalmedizin.de\/magen-darm\/wp-json\/wp\/v2\/posts\/4612\/revisions"}],"predecessor-version":[{"id":4789,"href":"https:\/\/journalmedizin.de\/magen-darm\/wp-json\/wp\/v2\/posts\/4612\/revisions\/4789"}],"wp:featuredmedia":[{"embeddable":true,"href":"https:\/\/journalmedizin.de\/magen-darm\/wp-json\/wp\/v2\/media\/4614"}],"wp:attachment":[{"href":"https:\/\/journalmedizin.de\/magen-darm\/wp-json\/wp\/v2\/media?parent=4612"}],"wp:term":[{"taxonomy":"category","embeddable":true,"href":"https:\/\/journalmedizin.de\/magen-darm\/wp-json\/wp\/v2\/categories?post=4612"},{"taxonomy":"post_tag","embeddable":true,"href":"https:\/\/journalmedizin.de\/magen-darm\/wp-json\/wp\/v2\/tags?post=4612"}],"curies":[{"name":"wp","href":"https:\/\/api.w.org\/{rel}","templated":true}]}}