{"id":4693,"date":"2020-02-02T17:35:55","date_gmt":"2020-02-02T16:35:55","guid":{"rendered":"http:\/\/journalmedizin.de\/magen-darm\/?p=4693"},"modified":"2020-02-02T17:34:26","modified_gmt":"2020-02-02T16:34:26","slug":"neurodermitis-oefter-bei-chronischer-darmentzuendung","status":"publish","type":"post","link":"https:\/\/journalmedizin.de\/magen-darm\/neurodermitis-oefter-bei-chronischer-darmentzuendung\/","title":{"rendered":"Neurodermitis \u00f6fter bei chronischer Darmentz\u00fcndung"},"content":{"rendered":"<p><strong>Ein chronisch entz\u00fcndeter Darm kann unter die Haut gehen: davon betroffene Patienten haben ein gr\u00f6\u00dferes Risiko, an Neurodermitis zu erkranken.<\/strong><\/p>\n<p><img decoding=\"async\" loading=\"lazy\" class=\"wp-image-4699 size-medium alignleft\" src=\"https:\/\/journalmedizin.de\/magen-darm\/wp-content\/uploads\/sites\/3\/2020\/02\/Haut-300x200.jpg\" alt=\"CED und Neurodermitis h\u00e4ngen zusammen.\" width=\"424\" height=\"283\" srcset=\"https:\/\/journalmedizin.de\/magen-darm\/wp-content\/uploads\/sites\/3\/2020\/02\/Haut-300x200.jpg 300w, https:\/\/journalmedizin.de\/magen-darm\/wp-content\/uploads\/sites\/3\/2020\/02\/Haut-150x100.jpg 150w, https:\/\/journalmedizin.de\/magen-darm\/wp-content\/uploads\/sites\/3\/2020\/02\/Haut.jpg 424w\" sizes=\"(max-width: 424px) 100vw, 424px\" \/><\/p>\n<p>Eine ganze Reihe von chronischen Erkrankungen geht oftmals mit weiteren Krankheiten einher. So kann die eine Erkrankung das Risiko f\u00fcr die andere erh\u00f6hen. Oder aber, die ausl\u00f6senden Faktoren sind die Gleichen.<\/p>\n<p>Auch bei chronischen Darmentz\u00fcndungen gibt es h\u00e4ufig sogenannte Begleiterkrankungen, wie beispielsweise <a href=\"https:\/\/journalmedizin.de\/magen-darm\/autoimmunkrankheiten-darmflora-beteiligt\/\" target=\"_blank\" rel=\"noopener\">Autoimmunkrankheiten<\/a>. F\u00fcr Neurodermitis haben chinesische Wissenschaftler nun einen direkten Zusammenhang entdeckt. Ergebnis einer Auswertung von 14 Studien: die eine Krankheit erh\u00f6ht das Risiko f\u00fcr die jeweils andere.<\/p>\n<h2>CED erh\u00f6ht das Risiko f\u00fcr Neurodermitis<\/h2>\n<p>Laut der zusammenfassenden Analyse der Studien* gibt es einen klaren Zusammenhang zwischen der Hauterkrankung und chronischen Darmentz\u00fcndungen. So haben Patienten mit der Darmerkrankung ein 1,8-mal so hohes Risiko, an Neurodermitis zu erkranken. Bei Morbus Crohn ist das Risiko deutlich h\u00f6her als bei Colitis ulcerosa: 2,1 zu 1,7. Auf der anderen Seite haben Patienten mit Neurodermitis ein um 48 Prozent h\u00f6heres Risiko f\u00fcr chronische Darmentz\u00fcndungen.\u00a0Im Vergleich zu Gesunden ist die Gefahr f\u00fcr Morbus Crohn um 44 Prozent, f\u00fcr Colitis ulcerosa um 38 Prozent h\u00f6her.<\/p>\n<p>Patienten mit chronischer Darmentz\u00fcndung haben mithin ein h\u00f6heres Risiko f\u00fcr <a href=\"https:\/\/journalmedizin.de\/magen-darm\/eine-gesunde-darmflora-haelt-uns-schlank\/\" target=\"_blank\" rel=\"noopener\">Neurodermitis<\/a> und umgekehrt. Welcher Mechanismus dem zugrunde liegt, muss in weiteren Studien erforscht werden.<\/p>\n<h6><u><a href=\"https:\/\/www.karger.com\/Article\/Abstract\/505290\">*Wang F. et al. The Bidirectional Association between Inflammatory Bowel Disease and Atopic Dermatitis: A Systematic Review and Meta-Analysis. Dermatology. 2020 Jan 17:1-8. doi: 10.1159\/000505290.<\/a><\/u><\/h6>\n<h6 style=\"text-align: right;\">Foto: \u00a9 Sandra Nabbefeld \/<a href=\"http:\/\/www.pixelio.de\">pixelio.de<\/a><\/h6>\n","protected":false},"excerpt":{"rendered":"<p>Ein chronisch entz\u00fcndeter Darm kann unter die Haut gehen: davon betroffene Patienten haben ein gr\u00f6\u00dferes Risiko, an Neurodermitis zu erkranken. \u2026 <a class=\"continue-reading-link\" href=\"https:\/\/journalmedizin.de\/magen-darm\/neurodermitis-oefter-bei-chronischer-darmentzuendung\/\">Weiterlesen <span class=\"meta-nav\">&rarr; <\/span><\/a><\/p>\n","protected":false},"author":4,"featured_media":4699,"comment_status":"closed","ping_status":"closed","sticky":false,"template":"","format":"standard","meta":[],"categories":[1],"tags":[1023,1830,168,1954,167,1330],"yoast_head":"<!-- This site is optimized with the Yoast SEO plugin v19.14 - https:\/\/yoast.com\/wordpress\/plugins\/seo\/ -->\n<title>Neurodermitis \u00f6fter bei chronischer Darmentz\u00fcndung - Journal Magen-Darm<\/title>\n<meta name=\"description\" content=\"Ein chronisch entz\u00fcndeter Darm kann unter die Haut gehen: davon betroffene Patienten haben ein gr\u00f6\u00dferes Risiko, an Neurodermitis zu erkranken.\" \/>\n<meta name=\"robots\" content=\"index, follow, max-snippet:-1, max-image-preview:large, max-video-preview:-1\" \/>\n<link rel=\"canonical\" href=\"https:\/\/journalmedizin.de\/magen-darm\/neurodermitis-oefter-bei-chronischer-darmentzuendung\/\" \/>\n<meta property=\"og:locale\" content=\"de_DE\" \/>\n<meta property=\"og:type\" content=\"article\" \/>\n<meta property=\"og:title\" content=\"Neurodermitis \u00f6fter bei chronischer Darmentz\u00fcndung - Journal Magen-Darm\" \/>\n<meta property=\"og:description\" content=\"Ein chronisch entz\u00fcndeter Darm kann unter die Haut gehen: davon betroffene Patienten haben ein gr\u00f6\u00dferes Risiko, an Neurodermitis zu erkranken.\" \/>\n<meta property=\"og:url\" content=\"https:\/\/journalmedizin.de\/magen-darm\/neurodermitis-oefter-bei-chronischer-darmentzuendung\/\" \/>\n<meta property=\"og:site_name\" content=\"Journal Magen-Darm\" \/>\n<meta property=\"article:published_time\" content=\"2020-02-02T16:35:55+00:00\" \/>\n<meta property=\"article:modified_time\" content=\"2020-02-02T16:34:26+00:00\" \/>\n<meta property=\"og:image\" content=\"https:\/\/journalmedizin.de\/magen-darm\/wp-content\/uploads\/sites\/3\/2020\/02\/Haut.jpg\" \/>\n\t<meta property=\"og:image:width\" content=\"424\" \/>\n\t<meta property=\"og:image:height\" content=\"283\" \/>\n\t<meta property=\"og:image:type\" content=\"image\/jpeg\" \/>\n<meta name=\"author\" content=\"Birgit Frohn\" \/>\n<meta name=\"twitter:card\" content=\"summary_large_image\" \/>\n<meta name=\"twitter:label1\" content=\"Verfasst von\" \/>\n\t<meta name=\"twitter:data1\" content=\"Birgit Frohn\" \/>\n\t<meta name=\"twitter:label2\" content=\"Gesch\u00e4tzte Lesezeit\" \/>\n\t<meta name=\"twitter:data2\" content=\"1\u00a0Minute\" \/>\n<script type=\"application\/ld+json\" class=\"yoast-schema-graph\">{\"@context\":\"https:\/\/schema.org\",\"@graph\":[{\"@type\":\"WebPage\",\"@id\":\"https:\/\/journalmedizin.de\/magen-darm\/neurodermitis-oefter-bei-chronischer-darmentzuendung\/\",\"url\":\"https:\/\/journalmedizin.de\/magen-darm\/neurodermitis-oefter-bei-chronischer-darmentzuendung\/\",\"name\":\"Neurodermitis \u00f6fter bei chronischer Darmentz\u00fcndung - Journal Magen-Darm\",\"isPartOf\":{\"@id\":\"https:\/\/journalmedizin.de\/magen-darm\/#website\"},\"datePublished\":\"2020-02-02T16:35:55+00:00\",\"dateModified\":\"2020-02-02T16:34:26+00:00\",\"author\":{\"@id\":\"https:\/\/journalmedizin.de\/magen-darm\/#\/schema\/person\/75e6c9710d5ae5e48c6561af96f03df2\"},\"description\":\"Ein chronisch entz\u00fcndeter Darm kann unter die Haut gehen: davon betroffene Patienten haben ein gr\u00f6\u00dferes Risiko, an Neurodermitis zu erkranken.\",\"breadcrumb\":{\"@id\":\"https:\/\/journalmedizin.de\/magen-darm\/neurodermitis-oefter-bei-chronischer-darmentzuendung\/#breadcrumb\"},\"inLanguage\":\"de\",\"potentialAction\":[{\"@type\":\"ReadAction\",\"target\":[\"https:\/\/journalmedizin.de\/magen-darm\/neurodermitis-oefter-bei-chronischer-darmentzuendung\/\"]}]},{\"@type\":\"BreadcrumbList\",\"@id\":\"https:\/\/journalmedizin.de\/magen-darm\/neurodermitis-oefter-bei-chronischer-darmentzuendung\/#breadcrumb\",\"itemListElement\":[{\"@type\":\"ListItem\",\"position\":1,\"name\":\"Startseite\",\"item\":\"https:\/\/journalmedizin.de\/magen-darm\/\"},{\"@type\":\"ListItem\",\"position\":2,\"name\":\"Neurodermitis \u00f6fter bei chronischer Darmentz\u00fcndung\"}]},{\"@type\":\"WebSite\",\"@id\":\"https:\/\/journalmedizin.de\/magen-darm\/#website\",\"url\":\"https:\/\/journalmedizin.de\/magen-darm\/\",\"name\":\"Journal Magen-Darm\",\"description\":\"Eine Themenseite von Journal Medizin\",\"potentialAction\":[{\"@type\":\"SearchAction\",\"target\":{\"@type\":\"EntryPoint\",\"urlTemplate\":\"https:\/\/journalmedizin.de\/magen-darm\/?s={search_term_string}\"},\"query-input\":\"required name=search_term_string\"}],\"inLanguage\":\"de\"},{\"@type\":\"Person\",\"@id\":\"https:\/\/journalmedizin.de\/magen-darm\/#\/schema\/person\/75e6c9710d5ae5e48c6561af96f03df2\",\"name\":\"Birgit Frohn\",\"image\":{\"@type\":\"ImageObject\",\"inLanguage\":\"de\",\"@id\":\"https:\/\/journalmedizin.de\/magen-darm\/#\/schema\/person\/image\/\",\"url\":\"https:\/\/secure.gravatar.com\/avatar\/e2399d389fb9c69c0a6b850c3f34de5f?s=96&d=mm&r=g\",\"contentUrl\":\"https:\/\/secure.gravatar.com\/avatar\/e2399d389fb9c69c0a6b850c3f34de5f?s=96&d=mm&r=g\",\"caption\":\"Birgit Frohn\"},\"sameAs\":[\"http:\/\/JournalMedizin.de\"],\"url\":\"https:\/\/journalmedizin.de\/magen-darm\/author\/frohn\/\"}]}<\/script>\n<!-- \/ Yoast SEO plugin. -->","yoast_head_json":{"title":"Neurodermitis \u00f6fter bei chronischer Darmentz\u00fcndung - Journal Magen-Darm","description":"Ein chronisch entz\u00fcndeter Darm kann unter die Haut gehen: davon betroffene Patienten haben ein gr\u00f6\u00dferes Risiko, an Neurodermitis zu erkranken.","robots":{"index":"index","follow":"follow","max-snippet":"max-snippet:-1","max-image-preview":"max-image-preview:large","max-video-preview":"max-video-preview:-1"},"canonical":"https:\/\/journalmedizin.de\/magen-darm\/neurodermitis-oefter-bei-chronischer-darmentzuendung\/","og_locale":"de_DE","og_type":"article","og_title":"Neurodermitis \u00f6fter bei chronischer Darmentz\u00fcndung - Journal Magen-Darm","og_description":"Ein chronisch entz\u00fcndeter Darm kann unter die Haut gehen: davon betroffene Patienten haben ein gr\u00f6\u00dferes Risiko, an Neurodermitis zu erkranken.","og_url":"https:\/\/journalmedizin.de\/magen-darm\/neurodermitis-oefter-bei-chronischer-darmentzuendung\/","og_site_name":"Journal Magen-Darm","article_published_time":"2020-02-02T16:35:55+00:00","article_modified_time":"2020-02-02T16:34:26+00:00","og_image":[{"width":424,"height":283,"url":"https:\/\/journalmedizin.de\/magen-darm\/wp-content\/uploads\/sites\/3\/2020\/02\/Haut.jpg","type":"image\/jpeg"}],"author":"Birgit Frohn","twitter_card":"summary_large_image","twitter_misc":{"Verfasst von":"Birgit Frohn","Gesch\u00e4tzte Lesezeit":"1\u00a0Minute"},"schema":{"@context":"https:\/\/schema.org","@graph":[{"@type":"WebPage","@id":"https:\/\/journalmedizin.de\/magen-darm\/neurodermitis-oefter-bei-chronischer-darmentzuendung\/","url":"https:\/\/journalmedizin.de\/magen-darm\/neurodermitis-oefter-bei-chronischer-darmentzuendung\/","name":"Neurodermitis \u00f6fter bei chronischer Darmentz\u00fcndung - Journal Magen-Darm","isPartOf":{"@id":"https:\/\/journalmedizin.de\/magen-darm\/#website"},"datePublished":"2020-02-02T16:35:55+00:00","dateModified":"2020-02-02T16:34:26+00:00","author":{"@id":"https:\/\/journalmedizin.de\/magen-darm\/#\/schema\/person\/75e6c9710d5ae5e48c6561af96f03df2"},"description":"Ein chronisch entz\u00fcndeter Darm kann unter die Haut gehen: davon betroffene Patienten haben ein gr\u00f6\u00dferes Risiko, an Neurodermitis zu erkranken.","breadcrumb":{"@id":"https:\/\/journalmedizin.de\/magen-darm\/neurodermitis-oefter-bei-chronischer-darmentzuendung\/#breadcrumb"},"inLanguage":"de","potentialAction":[{"@type":"ReadAction","target":["https:\/\/journalmedizin.de\/magen-darm\/neurodermitis-oefter-bei-chronischer-darmentzuendung\/"]}]},{"@type":"BreadcrumbList","@id":"https:\/\/journalmedizin.de\/magen-darm\/neurodermitis-oefter-bei-chronischer-darmentzuendung\/#breadcrumb","itemListElement":[{"@type":"ListItem","position":1,"name":"Startseite","item":"https:\/\/journalmedizin.de\/magen-darm\/"},{"@type":"ListItem","position":2,"name":"Neurodermitis \u00f6fter bei chronischer Darmentz\u00fcndung"}]},{"@type":"WebSite","@id":"https:\/\/journalmedizin.de\/magen-darm\/#website","url":"https:\/\/journalmedizin.de\/magen-darm\/","name":"Journal Magen-Darm","description":"Eine Themenseite von Journal Medizin","potentialAction":[{"@type":"SearchAction","target":{"@type":"EntryPoint","urlTemplate":"https:\/\/journalmedizin.de\/magen-darm\/?s={search_term_string}"},"query-input":"required name=search_term_string"}],"inLanguage":"de"},{"@type":"Person","@id":"https:\/\/journalmedizin.de\/magen-darm\/#\/schema\/person\/75e6c9710d5ae5e48c6561af96f03df2","name":"Birgit Frohn","image":{"@type":"ImageObject","inLanguage":"de","@id":"https:\/\/journalmedizin.de\/magen-darm\/#\/schema\/person\/image\/","url":"https:\/\/secure.gravatar.com\/avatar\/e2399d389fb9c69c0a6b850c3f34de5f?s=96&d=mm&r=g","contentUrl":"https:\/\/secure.gravatar.com\/avatar\/e2399d389fb9c69c0a6b850c3f34de5f?s=96&d=mm&r=g","caption":"Birgit Frohn"},"sameAs":["http:\/\/JournalMedizin.de"],"url":"https:\/\/journalmedizin.de\/magen-darm\/author\/frohn\/"}]}},"_links":{"self":[{"href":"https:\/\/journalmedizin.de\/magen-darm\/wp-json\/wp\/v2\/posts\/4693"}],"collection":[{"href":"https:\/\/journalmedizin.de\/magen-darm\/wp-json\/wp\/v2\/posts"}],"about":[{"href":"https:\/\/journalmedizin.de\/magen-darm\/wp-json\/wp\/v2\/types\/post"}],"author":[{"embeddable":true,"href":"https:\/\/journalmedizin.de\/magen-darm\/wp-json\/wp\/v2\/users\/4"}],"replies":[{"embeddable":true,"href":"https:\/\/journalmedizin.de\/magen-darm\/wp-json\/wp\/v2\/comments?post=4693"}],"version-history":[{"count":5,"href":"https:\/\/journalmedizin.de\/magen-darm\/wp-json\/wp\/v2\/posts\/4693\/revisions"}],"predecessor-version":[{"id":4702,"href":"https:\/\/journalmedizin.de\/magen-darm\/wp-json\/wp\/v2\/posts\/4693\/revisions\/4702"}],"wp:featuredmedia":[{"embeddable":true,"href":"https:\/\/journalmedizin.de\/magen-darm\/wp-json\/wp\/v2\/media\/4699"}],"wp:attachment":[{"href":"https:\/\/journalmedizin.de\/magen-darm\/wp-json\/wp\/v2\/media?parent=4693"}],"wp:term":[{"taxonomy":"category","embeddable":true,"href":"https:\/\/journalmedizin.de\/magen-darm\/wp-json\/wp\/v2\/categories?post=4693"},{"taxonomy":"post_tag","embeddable":true,"href":"https:\/\/journalmedizin.de\/magen-darm\/wp-json\/wp\/v2\/tags?post=4693"}],"curies":[{"name":"wp","href":"https:\/\/api.w.org\/{rel}","templated":true}]}}