{"id":55,"date":"2020-02-16T10:00:35","date_gmt":"2020-02-16T09:00:35","guid":{"rendered":"http:\/\/journalmedizin.de\/magen-darm\/?p=55"},"modified":"2021-12-17T17:31:59","modified_gmt":"2021-12-17T16:31:59","slug":"verdauungsstoerungen-sind-keine-bagatelle","status":"publish","type":"post","link":"https:\/\/journalmedizin.de\/magen-darm\/verdauungsstoerungen-sind-keine-bagatelle\/","title":{"rendered":"Verdauungsst\u00f6rungen sind keine Bagatelle"},"content":{"rendered":"<p><strong>Verdauungsst\u00f6rungen sind alles andere als banal. Was Probleme mit der Verdauung anrichten, wird enorm untersch\u00e4tzt: von den Betroffenen und \u00c4rzten.<\/strong><\/p>\n<p><img decoding=\"async\" loading=\"lazy\" class=\"alignleft wp-image-81 size-full\" src=\"https:\/\/journalmedizin.de\/magen-darm\/wp-content\/uploads\/sites\/3\/2017\/04\/Fotolia_59216423_XSKopie.jpg\" alt=\"Arterienverkalkung Arthrose Bl\u00e4hungen Bluthochdruck Diabetes Folgeerkrankungen Immunsystem LDL-Cholesterin Lebensqualit\u00e4t Nahrungsmittelallergien Verdauung Verdauungsst\u00f6rungen\" width=\"424\" height=\"283\" srcset=\"https:\/\/journalmedizin.de\/magen-darm\/wp-content\/uploads\/sites\/3\/2017\/04\/Fotolia_59216423_XSKopie.jpg 424w, https:\/\/journalmedizin.de\/magen-darm\/wp-content\/uploads\/sites\/3\/2017\/04\/Fotolia_59216423_XSKopie-300x200.jpg 300w, https:\/\/journalmedizin.de\/magen-darm\/wp-content\/uploads\/sites\/3\/2017\/04\/Fotolia_59216423_XSKopie-150x100.jpg 150w\" sizes=\"(max-width: 424px) 100vw, 424px\" \/><\/p>\n<p>&#8222;Na ja, viele <a href=\"https:\/\/journalmedizin.de\/magen-darm\/heilerde-fruehjahrsputz-im-koerper\/\" target=\"_blank\" rel=\"noopener\">Bl\u00e4hungen<\/a> sind doch nicht so schlimm \u2026&#8220;, &#8222;Das Magendr\u00fccken ist wohl nicht der Rede wert \u2026&#8220; \u2013 typische Aussagen, wenn es um Beschwerden mit der Verdauung geht. Sie werden nach wie vor gerne als banale Befindlichkeitsst\u00f6rungen abgetan. Eine grobe Fehleinsch\u00e4tzung!<\/p>\n<h2>Risikofaktor Verdauungsst\u00f6rungen<\/h2>\n<p>Die Betroffenen stehen meist unter einem erheblichen <a href=\"https:\/\/journalmedizin.de\/magen-darm\/ced-gehen-an-die-psyche\/\" target=\"_blank\" rel=\"noopener\">Leidensdruck<\/a>. Ihre Beschwerden k\u00f6nnen ihnen und ihrer <a href=\"https:\/\/journalmedizin.de\/magen-darm\/darmbakterium-lactobacillus-ausgezeichnet\/\" target=\"_blank\" rel=\"noopener\">Psyche<\/a> stark zu schaffen machen und die Lebensqualit\u00e4t massiv beeintr\u00e4chtigen. Doch nicht nur deshalb m\u00fcssen jegliche Verdauungsst\u00f6rung ernst genommen und behandelt werden. Denn, wenn auch leider wenig bekannt: Eine funktionierende Verdauung ist eine entscheidende Voraussetzung f\u00fcr unsere Gesundheit. Mit anderen Worten: Wie gut wir verdauen, bestimmt \u00fcber unser Wohlbefinden. Denn alles, was von au\u00dfen aufgenommen wird, muss zuvor seine Eigenart vollst\u00e4ndig verloren haben, muss quasi \u201eneutralisiert\u201c werden. Dies ist der Job unserer Verdauung. Gelingt es ihr nicht oder nur zum Teil, diese Aufgabe zu erf\u00fcllen, bilden sich <a href=\"https:\/\/journalmedizin.de\/magen-darm\/weinunvertraeglichkeit-haeufiger-als-vermutet\/\" target=\"_blank\" rel=\"noopener\">Allergene<\/a> oder <a href=\"https:\/\/journalmedizin.de\/ernaehrung\/2018\/02\/15\/chlorella-vitalelixier-aus-dem-wasser\/\" target=\"_blank\" rel=\"noopener\">Giftstoffe<\/a> im K\u00f6rper. Aus diesem Grund sind die Verdauungsvorg\u00e4nge unter anderem auch so wichtig f\u00fcr das <a href=\"https:\/\/journalmedizin.de\/ernaehrung\/2018\/02\/05\/achten-sie-auf-zink-auch-ihrem-herz-zuliebe\/\" target=\"_blank\" rel=\"noopener\">Immunsystem<\/a>.<\/p>\n<h2>Wegbereiter f\u00fcr Folgeerkrankungen<\/h2>\n<p>Das alles erkl\u00e4rt, weshalb Probleme mit der Verdauung zu einer erheblichen Beeintr\u00e4chtigung der allgemeinen Gesundheit und der Lebenserwartung f\u00fchren k\u00f6nnen. Ebenso wie sie auch selbst f\u00fcr sich gef\u00e4hrlichen Prozessen im K\u00f6rper die T\u00fcre \u00f6ffnen k\u00f6nnen. Wie man heute wei\u00df, ziehen Verdauungsst\u00f6rungen eine ganze Reihe an Folgekrankheiten nach sich. So ebnen sie beispielsweise den Weg zu erh\u00f6hten <a href=\"https:\/\/journalmedizin.de\/ernaehrung\/2018\/02\/04\/aepfel-zum-anbeissen-supergesund\/\" target=\"_blank\" rel=\"noopener\">LDL-Cholesterin<\/a>-Werten und anderen <a href=\"https:\/\/journalmedizin.de\/magen-darm\/gen-fuer-magersucht-entdeckt\/\" target=\"_blank\" rel=\"noopener\">Fettstoffwechselst\u00f6rungen<\/a> sowie zu <a href=\"https:\/\/journalmedizin.de\/magen-darm\/autoimmunkrankheiten-darmflora-beteiligt\/\" target=\"_blank\" rel=\"noopener\">Diabetes<\/a>. Weiterhin gehen <a href=\"https:\/\/journalmedizin.de\/magen-darm\/darmkrebsrisiko-durch-richtige-ernaehrung-senken\/\" target=\"_blank\" rel=\"noopener\">Arthrose<\/a>, Bluthochdruck, Arterienverkalkung und <a href=\"https:\/\/journalmedizin.de\/magen-darm\/allergieforschung-sucht-ursachen-im-darm\/\" target=\"_blank\" rel=\"noopener\">Nahrungsmittelallergien<\/a> auf ihr Konto.<\/p>\n<h2>Blut im Stuhl?<\/h2>\n<p>Finden sich auf dem auf dem Toilettenpapier und\/oder auf der Stuhloberfl\u00e4che Blutspuren, ist das ein Alarmzeichen und Anlass f\u00fcr schnellstm\u00f6gliche \u00e4rztliche Abkl\u00e4rung. Denn dies k\u00f6nnen Indizien f\u00fcr mitunter schwere Erkrankungen im <a href=\"https:\/\/journalmedizin.de\/magen-darm\/vorbeugung-beginnt-in-den-verdauungsorganen\/\" target=\"_blank\" rel=\"noopener\">Verdauungstrakt<\/a> sein. Handelt es sich um hellrote Blutspuren, k\u00f6nnten <a href=\"https:\/\/journalmedizin.de\/magen-darm\/blut-im-stuhl-immer-ein-alarmsignal\/\" target=\"_blank\" rel=\"noopener\">H\u00e4morrhoiden<\/a> oder Analfissuren \u2013 schmerzhafte Einrisse in der Haut und Schleimhaut der Aftergegend \u2013 dahinter stecken. Da diese im Analkanal liegen, ist das <a href=\"https:\/\/journalmedizin.de\/magen-darm\/darmspuelung-fuer-bessere-frueherkennung\/\" target=\"_blank\" rel=\"noopener\">Blut<\/a> noch nicht geronnen und deshalb hellrot. Dunkelrotes Blut, also bereits geronnenes Blut, zeigt an, dass die Ursache in h\u00f6heren Darmabschnitten liegt. Dann ist der Arztbesuch umso dringlicher, da sich unter anderem <a href=\"https:\/\/journalmedizin.de\/magen-darm\/chronisch-entzuendliche-darmerkrankungen-herausforderung\/\" target=\"_blank\" rel=\"noopener\">chronisch-entz\u00fcndliche Darmerkrankungen<\/a> und sogar b\u00f6sartige <a href=\"https:\/\/journalmedizin.de\/magen-darm\/darmkrebs-dem-tumor-auf-der-spur\/\" target=\"_blank\" rel=\"noopener\">Tumore<\/a> dahinter verbergen k\u00f6nnen.<\/p>\n<h6 style=\"text-align: right;\"><img decoding=\"async\" loading=\"lazy\" class=\"alignleft\" src=\"http:\/\/vg05.met.vgwort.de\/na\/dffdafc58b6f49c7964c3887ec500f7c\" width=\"1\" height=\"1\" \/>Foto: \u00a9 Andrey Popov \/ <a href=\"http:\/\/www.fotolia.com\">fotolia.com<\/a><\/h6>\n","protected":false},"excerpt":{"rendered":"<p>Verdauungsst\u00f6rungen sind alles andere als banal. Was Probleme mit der Verdauung anrichten, wird enorm untersch\u00e4tzt: von den Betroffenen und \u00c4rzten. \u2026 <a class=\"continue-reading-link\" href=\"https:\/\/journalmedizin.de\/magen-darm\/verdauungsstoerungen-sind-keine-bagatelle\/\">Weiterlesen <span class=\"meta-nav\">&rarr; <\/span><\/a><\/p>\n","protected":false},"author":4,"featured_media":81,"comment_status":"closed","ping_status":"open","sticky":false,"template":"","format":"standard","meta":[],"categories":[17,18],"tags":[1249,1245,29,27,21,50,28,1247,111,26,1248,23,888,1246,24,25,224,22,289,30,283,49,314,19,20,82],"yoast_head":"<!-- This site is optimized with the Yoast SEO plugin v19.14 - https:\/\/yoast.com\/wordpress\/plugins\/seo\/ -->\n<title>Verdauungsst\u00f6rungen sind keine Bagatelle - Journal Magen-Darm<\/title>\n<meta name=\"description\" content=\"Verdauungsst\u00f6rungen sind alles andere als banal: Probleme mit der Verdauung werden enorm untersch\u00e4tzt \u2013 nicht nur von Betroffenen, auch von \u00c4rzten.\" \/>\n<meta name=\"robots\" content=\"index, follow, max-snippet:-1, max-image-preview:large, max-video-preview:-1\" \/>\n<link rel=\"canonical\" href=\"https:\/\/journalmedizin.de\/magen-darm\/verdauungsstoerungen-sind-keine-bagatelle\/\" \/>\n<meta property=\"og:locale\" content=\"de_DE\" \/>\n<meta property=\"og:type\" content=\"article\" \/>\n<meta property=\"og:title\" content=\"Verdauungsst\u00f6rungen sind keine Bagatelle - Journal Magen-Darm\" \/>\n<meta property=\"og:description\" content=\"Verdauungsst\u00f6rungen sind alles andere als banal: Probleme mit der Verdauung werden enorm untersch\u00e4tzt \u2013 nicht nur von Betroffenen, auch von \u00c4rzten.\" \/>\n<meta property=\"og:url\" content=\"https:\/\/journalmedizin.de\/magen-darm\/verdauungsstoerungen-sind-keine-bagatelle\/\" \/>\n<meta property=\"og:site_name\" content=\"Journal Magen-Darm\" \/>\n<meta property=\"article:published_time\" content=\"2020-02-16T09:00:35+00:00\" \/>\n<meta property=\"article:modified_time\" content=\"2021-12-17T16:31:59+00:00\" \/>\n<meta property=\"og:image\" content=\"https:\/\/journalmedizin.de\/magen-darm\/wp-content\/uploads\/sites\/3\/2017\/04\/Fotolia_59216423_XSKopie.jpg\" \/>\n\t<meta property=\"og:image:width\" content=\"424\" \/>\n\t<meta property=\"og:image:height\" content=\"283\" \/>\n\t<meta property=\"og:image:type\" content=\"image\/jpeg\" \/>\n<meta name=\"author\" content=\"Birgit Frohn\" \/>\n<meta name=\"twitter:card\" content=\"summary_large_image\" \/>\n<meta name=\"twitter:label1\" content=\"Verfasst von\" \/>\n\t<meta name=\"twitter:data1\" content=\"Birgit Frohn\" \/>\n\t<meta name=\"twitter:label2\" content=\"Gesch\u00e4tzte Lesezeit\" \/>\n\t<meta name=\"twitter:data2\" content=\"2\u00a0Minuten\" \/>\n<script type=\"application\/ld+json\" class=\"yoast-schema-graph\">{\"@context\":\"https:\/\/schema.org\",\"@graph\":[{\"@type\":\"WebPage\",\"@id\":\"https:\/\/journalmedizin.de\/magen-darm\/verdauungsstoerungen-sind-keine-bagatelle\/\",\"url\":\"https:\/\/journalmedizin.de\/magen-darm\/verdauungsstoerungen-sind-keine-bagatelle\/\",\"name\":\"Verdauungsst\u00f6rungen sind keine Bagatelle - Journal Magen-Darm\",\"isPartOf\":{\"@id\":\"https:\/\/journalmedizin.de\/magen-darm\/#website\"},\"datePublished\":\"2020-02-16T09:00:35+00:00\",\"dateModified\":\"2021-12-17T16:31:59+00:00\",\"author\":{\"@id\":\"https:\/\/journalmedizin.de\/magen-darm\/#\/schema\/person\/75e6c9710d5ae5e48c6561af96f03df2\"},\"description\":\"Verdauungsst\u00f6rungen sind alles andere als banal: Probleme mit der Verdauung werden enorm untersch\u00e4tzt \u2013 nicht nur von Betroffenen, auch von \u00c4rzten.\",\"breadcrumb\":{\"@id\":\"https:\/\/journalmedizin.de\/magen-darm\/verdauungsstoerungen-sind-keine-bagatelle\/#breadcrumb\"},\"inLanguage\":\"de\",\"potentialAction\":[{\"@type\":\"ReadAction\",\"target\":[\"https:\/\/journalmedizin.de\/magen-darm\/verdauungsstoerungen-sind-keine-bagatelle\/\"]}]},{\"@type\":\"BreadcrumbList\",\"@id\":\"https:\/\/journalmedizin.de\/magen-darm\/verdauungsstoerungen-sind-keine-bagatelle\/#breadcrumb\",\"itemListElement\":[{\"@type\":\"ListItem\",\"position\":1,\"name\":\"Startseite\",\"item\":\"https:\/\/journalmedizin.de\/magen-darm\/\"},{\"@type\":\"ListItem\",\"position\":2,\"name\":\"Verdauungsst\u00f6rungen sind keine Bagatelle\"}]},{\"@type\":\"WebSite\",\"@id\":\"https:\/\/journalmedizin.de\/magen-darm\/#website\",\"url\":\"https:\/\/journalmedizin.de\/magen-darm\/\",\"name\":\"Journal Magen-Darm\",\"description\":\"Eine Themenseite von Journal Medizin\",\"potentialAction\":[{\"@type\":\"SearchAction\",\"target\":{\"@type\":\"EntryPoint\",\"urlTemplate\":\"https:\/\/journalmedizin.de\/magen-darm\/?s={search_term_string}\"},\"query-input\":\"required name=search_term_string\"}],\"inLanguage\":\"de\"},{\"@type\":\"Person\",\"@id\":\"https:\/\/journalmedizin.de\/magen-darm\/#\/schema\/person\/75e6c9710d5ae5e48c6561af96f03df2\",\"name\":\"Birgit Frohn\",\"image\":{\"@type\":\"ImageObject\",\"inLanguage\":\"de\",\"@id\":\"https:\/\/journalmedizin.de\/magen-darm\/#\/schema\/person\/image\/\",\"url\":\"https:\/\/secure.gravatar.com\/avatar\/e2399d389fb9c69c0a6b850c3f34de5f?s=96&d=mm&r=g\",\"contentUrl\":\"https:\/\/secure.gravatar.com\/avatar\/e2399d389fb9c69c0a6b850c3f34de5f?s=96&d=mm&r=g\",\"caption\":\"Birgit Frohn\"},\"sameAs\":[\"http:\/\/JournalMedizin.de\"],\"url\":\"https:\/\/journalmedizin.de\/magen-darm\/author\/frohn\/\"}]}<\/script>\n<!-- \/ Yoast SEO plugin. -->","yoast_head_json":{"title":"Verdauungsst\u00f6rungen sind keine Bagatelle - Journal Magen-Darm","description":"Verdauungsst\u00f6rungen sind alles andere als banal: Probleme mit der Verdauung werden enorm untersch\u00e4tzt \u2013 nicht nur von Betroffenen, auch von \u00c4rzten.","robots":{"index":"index","follow":"follow","max-snippet":"max-snippet:-1","max-image-preview":"max-image-preview:large","max-video-preview":"max-video-preview:-1"},"canonical":"https:\/\/journalmedizin.de\/magen-darm\/verdauungsstoerungen-sind-keine-bagatelle\/","og_locale":"de_DE","og_type":"article","og_title":"Verdauungsst\u00f6rungen sind keine Bagatelle - Journal Magen-Darm","og_description":"Verdauungsst\u00f6rungen sind alles andere als banal: Probleme mit der Verdauung werden enorm untersch\u00e4tzt \u2013 nicht nur von Betroffenen, auch von \u00c4rzten.","og_url":"https:\/\/journalmedizin.de\/magen-darm\/verdauungsstoerungen-sind-keine-bagatelle\/","og_site_name":"Journal Magen-Darm","article_published_time":"2020-02-16T09:00:35+00:00","article_modified_time":"2021-12-17T16:31:59+00:00","og_image":[{"width":424,"height":283,"url":"https:\/\/journalmedizin.de\/magen-darm\/wp-content\/uploads\/sites\/3\/2017\/04\/Fotolia_59216423_XSKopie.jpg","type":"image\/jpeg"}],"author":"Birgit Frohn","twitter_card":"summary_large_image","twitter_misc":{"Verfasst von":"Birgit Frohn","Gesch\u00e4tzte Lesezeit":"2\u00a0Minuten"},"schema":{"@context":"https:\/\/schema.org","@graph":[{"@type":"WebPage","@id":"https:\/\/journalmedizin.de\/magen-darm\/verdauungsstoerungen-sind-keine-bagatelle\/","url":"https:\/\/journalmedizin.de\/magen-darm\/verdauungsstoerungen-sind-keine-bagatelle\/","name":"Verdauungsst\u00f6rungen sind keine Bagatelle - Journal Magen-Darm","isPartOf":{"@id":"https:\/\/journalmedizin.de\/magen-darm\/#website"},"datePublished":"2020-02-16T09:00:35+00:00","dateModified":"2021-12-17T16:31:59+00:00","author":{"@id":"https:\/\/journalmedizin.de\/magen-darm\/#\/schema\/person\/75e6c9710d5ae5e48c6561af96f03df2"},"description":"Verdauungsst\u00f6rungen sind alles andere als banal: Probleme mit der Verdauung werden enorm untersch\u00e4tzt \u2013 nicht nur von Betroffenen, auch von \u00c4rzten.","breadcrumb":{"@id":"https:\/\/journalmedizin.de\/magen-darm\/verdauungsstoerungen-sind-keine-bagatelle\/#breadcrumb"},"inLanguage":"de","potentialAction":[{"@type":"ReadAction","target":["https:\/\/journalmedizin.de\/magen-darm\/verdauungsstoerungen-sind-keine-bagatelle\/"]}]},{"@type":"BreadcrumbList","@id":"https:\/\/journalmedizin.de\/magen-darm\/verdauungsstoerungen-sind-keine-bagatelle\/#breadcrumb","itemListElement":[{"@type":"ListItem","position":1,"name":"Startseite","item":"https:\/\/journalmedizin.de\/magen-darm\/"},{"@type":"ListItem","position":2,"name":"Verdauungsst\u00f6rungen sind keine Bagatelle"}]},{"@type":"WebSite","@id":"https:\/\/journalmedizin.de\/magen-darm\/#website","url":"https:\/\/journalmedizin.de\/magen-darm\/","name":"Journal Magen-Darm","description":"Eine Themenseite von Journal Medizin","potentialAction":[{"@type":"SearchAction","target":{"@type":"EntryPoint","urlTemplate":"https:\/\/journalmedizin.de\/magen-darm\/?s={search_term_string}"},"query-input":"required name=search_term_string"}],"inLanguage":"de"},{"@type":"Person","@id":"https:\/\/journalmedizin.de\/magen-darm\/#\/schema\/person\/75e6c9710d5ae5e48c6561af96f03df2","name":"Birgit Frohn","image":{"@type":"ImageObject","inLanguage":"de","@id":"https:\/\/journalmedizin.de\/magen-darm\/#\/schema\/person\/image\/","url":"https:\/\/secure.gravatar.com\/avatar\/e2399d389fb9c69c0a6b850c3f34de5f?s=96&d=mm&r=g","contentUrl":"https:\/\/secure.gravatar.com\/avatar\/e2399d389fb9c69c0a6b850c3f34de5f?s=96&d=mm&r=g","caption":"Birgit Frohn"},"sameAs":["http:\/\/JournalMedizin.de"],"url":"https:\/\/journalmedizin.de\/magen-darm\/author\/frohn\/"}]}},"_links":{"self":[{"href":"https:\/\/journalmedizin.de\/magen-darm\/wp-json\/wp\/v2\/posts\/55"}],"collection":[{"href":"https:\/\/journalmedizin.de\/magen-darm\/wp-json\/wp\/v2\/posts"}],"about":[{"href":"https:\/\/journalmedizin.de\/magen-darm\/wp-json\/wp\/v2\/types\/post"}],"author":[{"embeddable":true,"href":"https:\/\/journalmedizin.de\/magen-darm\/wp-json\/wp\/v2\/users\/4"}],"replies":[{"embeddable":true,"href":"https:\/\/journalmedizin.de\/magen-darm\/wp-json\/wp\/v2\/comments?post=55"}],"version-history":[{"count":25,"href":"https:\/\/journalmedizin.de\/magen-darm\/wp-json\/wp\/v2\/posts\/55\/revisions"}],"predecessor-version":[{"id":5165,"href":"https:\/\/journalmedizin.de\/magen-darm\/wp-json\/wp\/v2\/posts\/55\/revisions\/5165"}],"wp:featuredmedia":[{"embeddable":true,"href":"https:\/\/journalmedizin.de\/magen-darm\/wp-json\/wp\/v2\/media\/81"}],"wp:attachment":[{"href":"https:\/\/journalmedizin.de\/magen-darm\/wp-json\/wp\/v2\/media?parent=55"}],"wp:term":[{"taxonomy":"category","embeddable":true,"href":"https:\/\/journalmedizin.de\/magen-darm\/wp-json\/wp\/v2\/categories?post=55"},{"taxonomy":"post_tag","embeddable":true,"href":"https:\/\/journalmedizin.de\/magen-darm\/wp-json\/wp\/v2\/tags?post=55"}],"curies":[{"name":"wp","href":"https:\/\/api.w.org\/{rel}","templated":true}]}}